


{"id":10279,"date":"2022-07-06T17:08:00","date_gmt":"2022-07-06T15:08:00","guid":{"rendered":"https:\/\/www.afm.fe.it\/?p=10279"},"modified":"2022-07-13T17:12:58","modified_gmt":"2022-07-13T15:12:58","slug":"donazione-di-materiale-sanitario-di-afm-farmacie-comunali-ferrara-alla-caritas-di-ferrara","status":"publish","type":"post","link":"https:\/\/www.afm.fe.it\/?p=10279","title":{"rendered":"Donazione di materiale sanitario di Afm-Farmacie Comunali Ferrara alla Caritas di Ferrara"},"content":{"rendered":"<p>[vc_row][vc_column]<div id=\"ultimate-heading-298969f15af33e95c\" class=\"uvc-heading ult-adjust-bottom-margin ultimate-heading-298969f15af33e95c uvc-80  uvc-heading-default-font-sizes\" data-hspacer=\"no_spacer\"  data-halign=\"left\" style=\"text-align:left\"><div class=\"uvc-heading-spacer no_spacer\" style=\"top\"><\/div><div class=\"uvc-main-heading ult-responsive\"  data-ultimate-target='.uvc-heading.ultimate-heading-298969f15af33e95c h3'  data-responsive-json-new='{\"font-size\":\"\",\"line-height\":\"\"}' ><h3 style=\"--font-weight:theme;\">Donazione di materiale sanitario di Afm-Farmacie Comunali Ferrara alla Caritas di Ferrara <\/h3><\/div><\/div>[vc_empty_space height=&#8221;15px&#8221;][vc_column_text]FARMACIE COMUNALI, DONAZIONE A CARITAS. ASSESSORE COLETTI: &#8220;GRANDE COLLABORAZIONE PER IL SOSTEGNO ALLE NECESSIT\u00c0&#8221;. CIMARELLI: &#8220;ISPIRATI DA INIZIATIVE BENEFICHE DEL TERRITORIO&#8221;<br \/>\nFerrara, 6 luglio 2022 &#8211; Quattro scatoloni di materiale sanitario: \u00e8 il frutto della nuova donazione che Afm, Farmacie Comunali Ferrara, ha effettuato a favore della Caritas di Ferrara.<br \/>\nL&#8217;iniziativa &#8211; come spiega l&#8217;amministratore unico Luca Cimarelli &#8211; si inserisce nelle attivit\u00e0 che costantemente Afm porta avanti per il sostegno alle realt\u00e0 sociali del Comune di Ferrara. Nei giorni scorsi l&#8217;assessore Cristina Coletti, e Cimarelli, hanno consegnato i prodotti alla Caritas di via Brasavola, che utilizzer\u00e0 il materiale donato all&#8217;interno dei propri ambulatori. I prodotti sono stati scelti sulla base delle indicazioni della stessa Caritas ed \u00e8 integrato anche da donazioni effettuate dai cittadini, per un valore totale di 2.500 euro.<br \/>\nL&#8217;assessore Coletti ha ringraziato &#8220;i volontari, tutte le realt\u00e0 e le tantissime persone che cooperano per il bene comune, affinch\u00e9 nessuno sia lasciato solo&#8221;. All&#8217;interno della struttura Caritas di via Brasavola sono presenti anche alcuni profughi fuggiti dalla guerra in Ucraina. &#8220;Questa iniziativa &#8211; ha spiegato Cimarelli &#8211; \u00e8 nata anche seguendo l&#8217;esempio della sagra di San Maurelio e di RockaFe che hanno realizzato, per il 2022, il progetto di solidariet\u00e0 &#8220;indossiamo le idee dei bambini&#8221;, dedicato ai bambini ucraini che hanno vissuto, e che stanno vivendo, il dramma del conflitto.<\/p>\n<p>Nel corso dell&#8217;incontro per la consegna dei prodotti sanitari, il direttore della Caritas ferrarese, Paolo Falaguasta, ha illustrato le attivit\u00e0 socio sanitarie realizzate nella sede, si \u00e8 confrontato su possibili future collaborazioni e ha donato ai presenti delle magliette realizzate dai bambini dei laboratori didattici. Per Cimarelli, presente con Paola Nocenti e Stefano Gamberini &#8211; rispettivamente direttrice generale e responsabile ufficio Progetti sociali di Afm &#8211; si \u00e8 trattato di &#8220;un&#8217;ulteriore testimonianza dell&#8217;attenzione che le Farmacie Comunali hanno per le esigenze sociali del territorio&#8221;. &#8220;Questa iniziativa &#8211; ha sottolineato l&#8217;assessore Coletti &#8211; si sposa alla perfezione con il ruolo delle farmacie comunali pubbliche. Partendo da una rinnovata collaborazione con l&#8217;Azienda pubblica di servizi alla persona (Asp), vogliamo essere interlocutori e punto di riferimento per tutte le realt\u00e0 associative comunali che operano per il bene comune, per il sostegno alle fragilit\u00e0 e alle persone in condizioni di particolari necessit\u00e0&#8221;.<\/p>\n<p>(Ferrara Rinasce)[\/vc_column_text][\/vc_column][\/vc_row]<\/p>\n","protected":false},"excerpt":{"rendered":"<p>[vc_row][vc_column][vc_empty_space height=&#8221;15px&#8221;][vc_column_text]FARMACIE COMUNALI, DONAZIONE A CARITAS. ASSESSORE COLETTI: &#8220;GRANDE COLLABORAZIONE PER IL SOSTEGNO ALLE NECESSIT\u00c0&#8221;. CIMARELLI: &#8220;ISPIRATI DA INIZIATIVE BENEFICHE DEL TERRITORIO&#8221; Ferrara, 6 luglio 2022 &#8211; Quattro scatoloni di&hellip;<\/p>\n","protected":false},"author":7,"featured_media":10280,"comment_status":"closed","ping_status":"closed","sticky":false,"template":"","format":"standard","meta":[],"categories":[90],"tags":[],"class_list":["post-10279","post","type-post","status-publish","format-standard","has-post-thumbnail","hentry","category-news","category-90","description-off"],"_links":{"self":[{"href":"https:\/\/www.afm.fe.it\/index.php?rest_route=\/wp\/v2\/posts\/10279","targetHints":{"allow":["GET"]}}],"collection":[{"href":"https:\/\/www.afm.fe.it\/index.php?rest_route=\/wp\/v2\/posts"}],"about":[{"href":"https:\/\/www.afm.fe.it\/index.php?rest_route=\/wp\/v2\/types\/post"}],"author":[{"embeddable":true,"href":"https:\/\/www.afm.fe.it\/index.php?rest_route=\/wp\/v2\/users\/7"}],"replies":[{"embeddable":true,"href":"https:\/\/www.afm.fe.it\/index.php?rest_route=%2Fwp%2Fv2%2Fcomments&post=10279"}],"version-history":[{"count":3,"href":"https:\/\/www.afm.fe.it\/index.php?rest_route=\/wp\/v2\/posts\/10279\/revisions"}],"predecessor-version":[{"id":10283,"href":"https:\/\/www.afm.fe.it\/index.php?rest_route=\/wp\/v2\/posts\/10279\/revisions\/10283"}],"wp:featuredmedia":[{"embeddable":true,"href":"https:\/\/www.afm.fe.it\/index.php?rest_route=\/wp\/v2\/media\/10280"}],"wp:attachment":[{"href":"https:\/\/www.afm.fe.it\/index.php?rest_route=%2Fwp%2Fv2%2Fmedia&parent=10279"}],"wp:term":[{"taxonomy":"category","embeddable":true,"href":"https:\/\/www.afm.fe.it\/index.php?rest_route=%2Fwp%2Fv2%2Fcategories&post=10279"},{"taxonomy":"post_tag","embeddable":true,"href":"https:\/\/www.afm.fe.it\/index.php?rest_route=%2Fwp%2Fv2%2Ftags&post=10279"}],"curies":[{"name":"wp","href":"https:\/\/api.w.org\/{rel}","templated":true}]}}