


{"id":10324,"date":"2022-11-10T17:24:06","date_gmt":"2022-11-10T16:24:06","guid":{"rendered":"https:\/\/www.afm.fe.it\/?p=10324"},"modified":"2023-03-21T17:49:05","modified_gmt":"2023-03-21T16:49:05","slug":"krasnodar-inaugurata-la-nuova-farmacia-dopo-i-lavori-di-restyling","status":"publish","type":"post","link":"https:\/\/www.afm.fe.it\/?p=10324","title":{"rendered":"Krasnodar, inaugurata la \u2018nuova\u2019 farmacia, dopo i lavori di restyling"},"content":{"rendered":"<p>[vc_row][vc_column]<div id=\"ultimate-heading-74169f15ab1be538\" class=\"uvc-heading ult-adjust-bottom-margin ultimate-heading-74169f15ab1be538 uvc-8933  uvc-heading-default-font-sizes\" data-hspacer=\"no_spacer\"  data-halign=\"left\" style=\"text-align:left\"><div class=\"uvc-heading-spacer no_spacer\" style=\"top\"><\/div><div class=\"uvc-main-heading ult-responsive\"  data-ultimate-target='.uvc-heading.ultimate-heading-74169f15ab1be538 h3'  data-responsive-json-new='{\"font-size\":\"\",\"line-height\":\"\"}' ><h3 style=\"--font-weight:theme;\">Krasnodar, inaugurata la \u2018nuova\u2019 farmacia, dopo i lavori di restyling<\/h3><\/div><\/div>[vc_empty_space height=&#8221;15px&#8221;][vc_column_text]Inaugurata la \u2018nuova\u2019 Farmacia Comunale numero 10 \u201cKrasnodar\u201d dopo i lavori di restyling da 200mila euro (stanziati da AFM Farmacie Comunali Ferrara Srl).<\/p>\n<p>Questa mattina il taglio del nastro alla presenza del sindaco di Ferrara, Alan Fabbri, e degli assessori Cristina Coletti e Matteo Fornasini. La farmacia, nata nel 1982, \u00e8 in via Krasnodar 39 e durante i lavori \u00e8 stata \u2018delocalizzata\u2019 nell\u2019area antistante, in una struttura provvisoria che ha consentito di dare continuit\u00e0 al servizio.<\/p>\n<p>\u201cCongratulazioni a chi ha realizzato a tempo record questo intervento che consegna ai cittadini locali, allestimenti nuovi, di ottimo impatto estetico e con servizi potenziati. Un grazie speciale al personale di AFM che ha traslocato temporaneamente l\u2019attivit\u00e0 nella struttura provvisoria per continuare a garantire risposte ai cittadini, in un quartiere densamente abitato e dove vi \u00e8 una forte richiesta di servizi\u201d, ha detto il sindaco Fabbri.<\/p>\n<p>AFM &#8211; ha spiegato l\u2019amministratore unico Luca Cimarelli &#8211; ha investito negli anni in questa farmacia, introducendo nel 2004 un sistema robotizzato di distribuzione del farmaco (completamente rinnovato nel 2021), aprendo nel 2006 un Centro di Aerosolterapia e concedendo locali propri per l\u2019apertura di un poliambulatorio, ampliando i locali della farmacia nel 2007 e aprendo nel 2008 un reparto di alimenti per celiaci e nefropatici (anche questo completamente riammodernato nel 2021).<br \/>\nPer fatturato la farmacia \u201cKrasnodar\u201d \u00e8 la seconda delle undici di AFM, ha un organico di 9 farmaciste, svolge orario continuato e offre il servizio CUP.<\/p>\n<p>\u201cRiceviamo ogni giorni tantissimi utenti. Era necessario razionalizzare gli spazi e rinnovare in toto arredi e illuminazione. Ma la novit\u00e0 pi\u00f9 grande \u00e8 che coloro che dovranno utilizzare il servizio Cup avranno una nuova entrata dedicata\u201d, dice Paola Nocenti, la direttrice generale di AFM, che spiega cos\u00ec le scelte del restyling dei locali: &#8220;Abbiamo scelto nuovi arredi, pareti e pavimenti dai colori caldi e rassicuranti, una nuova illuminazione moderna e funzionale che sembra allargare gli ambienti e mette in particolare evidenza la grande quantit\u00e0 di prodotti che ora trovano adeguata visibilit\u00e0 sugli scaffali di cristallo che ornano il perimetro della farmacia&#8221;.<\/p>\n<p>\u201cAnche questo intervento ha seguito le linee guida utilizzate per la farmacia di Porta Mare &#8211; spiega Cimarelli -. Stiamo dando continuit\u00e0 alle scelte per creare un layout facilmente riconoscibile nelle farmacie che stiamo rinnovando. Oltre alla soddisfazione di aver concluso i lavori nei tempi prefissati (meno di 40 giorni) c&#8217;\u00e8 la conferma di poter contare sulla professionalit\u00e0 e l\u2019impegno dei nostri dipendenti. Il servizio non \u00e8 mai stato interrotto: ampliando il container gi\u00e0 presente per lo screening covid e attrezzandolo adeguatamente siamo riusciti a garantire il servizio durante tutto il periodo dei lavori. Ribadisco: il risultato \u00e8 stato possibile solo grazie all\u2019impegno di tutta AFM e in particolare delle nostre farmaciste di Krasnodar&#8221;.<\/p>\n<p>\u201cProsegue cos\u00ec la politica del rinnovo ed efficientamento delle nostre Farmacie. Siamo partiti dalle due pi\u00f9 \u201cstrategiche\u201d (Porta Mare e Krasnodar) e non abbiamo intenzione di fermarci. L\u2019Amministrazione Comunale condivide questo percorso e siamo in sintonia sul raggiungimento degli obiettivi\u201d: precisa l&#8217;amministratore unico di AFM. \u201cAfm \u00e8 patrimonio di tutta la citt\u00e0, abbiamo il dovere di preservarlo e renderlo ogni giorno maggiormente fruibile per i nostri cittadini. Continuare ad investire per migliorare i servizi ed il lavoro dei nostri dipendenti \u00e8 un segnale di attenzione forte soprattutto in un momento storico in cui le farmacie sono state in prima linea per la lotta contro il Covid\u201d.[\/vc_column_text][\/vc_column][\/vc_row]<\/p>\n","protected":false},"excerpt":{"rendered":"<p>[vc_row][vc_column][vc_empty_space height=&#8221;15px&#8221;][vc_column_text]Inaugurata la \u2018nuova\u2019 Farmacia Comunale numero 10 \u201cKrasnodar\u201d dopo i lavori di restyling da 200mila euro (stanziati da AFM Farmacie Comunali Ferrara Srl). Questa mattina il taglio del nastro&hellip;<\/p>\n","protected":false},"author":7,"featured_media":10326,"comment_status":"closed","ping_status":"closed","sticky":false,"template":"","format":"standard","meta":[],"categories":[90],"tags":[],"class_list":["post-10324","post","type-post","status-publish","format-standard","has-post-thumbnail","hentry","category-news","category-90","description-off"],"_links":{"self":[{"href":"https:\/\/www.afm.fe.it\/index.php?rest_route=\/wp\/v2\/posts\/10324","targetHints":{"allow":["GET"]}}],"collection":[{"href":"https:\/\/www.afm.fe.it\/index.php?rest_route=\/wp\/v2\/posts"}],"about":[{"href":"https:\/\/www.afm.fe.it\/index.php?rest_route=\/wp\/v2\/types\/post"}],"author":[{"embeddable":true,"href":"https:\/\/www.afm.fe.it\/index.php?rest_route=\/wp\/v2\/users\/7"}],"replies":[{"embeddable":true,"href":"https:\/\/www.afm.fe.it\/index.php?rest_route=%2Fwp%2Fv2%2Fcomments&post=10324"}],"version-history":[{"count":4,"href":"https:\/\/www.afm.fe.it\/index.php?rest_route=\/wp\/v2\/posts\/10324\/revisions"}],"predecessor-version":[{"id":10328,"href":"https:\/\/www.afm.fe.it\/index.php?rest_route=\/wp\/v2\/posts\/10324\/revisions\/10328"}],"wp:featuredmedia":[{"embeddable":true,"href":"https:\/\/www.afm.fe.it\/index.php?rest_route=\/wp\/v2\/media\/10326"}],"wp:attachment":[{"href":"https:\/\/www.afm.fe.it\/index.php?rest_route=%2Fwp%2Fv2%2Fmedia&parent=10324"}],"wp:term":[{"taxonomy":"category","embeddable":true,"href":"https:\/\/www.afm.fe.it\/index.php?rest_route=%2Fwp%2Fv2%2Fcategories&post=10324"},{"taxonomy":"post_tag","embeddable":true,"href":"https:\/\/www.afm.fe.it\/index.php?rest_route=%2Fwp%2Fv2%2Ftags&post=10324"}],"curies":[{"name":"wp","href":"https:\/\/api.w.org\/{rel}","templated":true}]}}