


{"id":10427,"date":"2023-04-27T14:09:35","date_gmt":"2023-04-27T12:09:35","guid":{"rendered":"https:\/\/www.afm.fe.it\/?p=10427"},"modified":"2023-04-27T15:04:09","modified_gmt":"2023-04-27T13:04:09","slug":"allergie-stagionali-rimedi-e-consigli","status":"publish","type":"post","link":"https:\/\/www.afm.fe.it\/?p=10427","title":{"rendered":"Allergie stagionali: rimedi e consigli"},"content":{"rendered":"<p>[vc_row][vc_column]<div id=\"ultimate-heading-888869f059ce020d0\" class=\"uvc-heading ult-adjust-bottom-margin ultimate-heading-888869f059ce020d0 uvc-7425  uvc-heading-default-font-sizes\" data-hspacer=\"no_spacer\"  data-halign=\"left\" style=\"text-align:left\"><div class=\"uvc-heading-spacer no_spacer\" style=\"top\"><\/div><div class=\"uvc-main-heading ult-responsive\"  data-ultimate-target='.uvc-heading.ultimate-heading-888869f059ce020d0 h2'  data-responsive-json-new='{\"font-size\":\"\",\"line-height\":\"\"}' ><h2 style=\"--font-weight:theme;\">Allergie stagionali: rimedi e consigli<\/h2><\/div><div class=\"uvc-sub-heading ult-responsive\"  data-ultimate-target='.uvc-heading.ultimate-heading-888869f059ce020d0 .uvc-sub-heading '  data-responsive-json-new='{\"font-size\":\"desktop:18px;\",\"line-height\":\"\"}'  style=\"font-weight:normal;color:#000000;\"><strong>a cura del Dottor. Stefano Gamberini &#8211; AFM Farmacie Comunali Ferrara.<\/strong><\/div><\/div>[vc_empty_space height=&#8221;15px&#8221;][vc_column_text]<strong>L\u2019 arrivo della primavera e della bella stagione non per tutti \u00e8 una festa: quasi un italiano su tre, infatti, in questo periodo soffre di una serie di disturbi pi\u00f9 o meno intensi, di sicuro molto fastidiosi, come naso che cola, starnuti, prurito al naso, gola e palato, occhi gonfi che lacrimano e si arrossano con intenso prurito, ma anche tosse, senso di pressione al petto e difficolt\u00e0 respiratorie, insomma, le allergie stagionali!<\/strong><\/p>\n<p><span style=\"font-weight: 400;\">Pi\u00f9 raramente si osservano arrossamento e prurito cutaneo, mal di testa, dolore alle orecchie, diminuzione del senso del gusto e dell\u2019olfatto e altri sintomi che maggiormente impattano sulla qualit\u00e0 della vita, quali insonnia, irritabilit\u00e0, profonda stanchezza e difficolt\u00e0 di concentrazione.<\/span><\/p>\n<p><span style=\"font-weight: 400;\">Particolare attenzione va posta nei soggetti asmatici che, nell\u2019arco di questi periodi, possono facilmente osservare una recrudescenza della propria patologia con necessit\u00e0 di adeguare le terapie.\u00a0<\/span><\/p>\n<p>&nbsp;<\/p>\n<h3>Allergia ai pollini o febbre da fieno<\/h3>\n<p><span style=\"font-weight: 400;\">Gran parte dei sintomi che abbiamo appena elencato sono tipici dell\u2019<\/span><b>allergia ai pollini<\/b><span style=\"font-weight: 400;\">, comunemente chiamata anche <\/span><b>febbre da fieno<\/b><span style=\"font-weight: 400;\">, anche se la febbre normalmente non \u00e8 presente, o pi\u00f9 opportunamente definita <\/span><b>oculorinite allergica<\/b><span style=\"font-weight: 400;\">.\u00a0<\/span><\/p>\n<p><span style=\"font-weight: 400;\">Di allergia si tratta, in quanto l\u2019organismo delle persone che ne soffrono riconosce i pollini, e in particolare le proteine che contengono, come qualcosa di estraneo e potenzialmente pericoloso, dando cos\u00ec il via a un processo di \u201csensibilizzazione\u201d, durante il quale viene inviato il messaggio di predisporre anticorpi utili a fronteggiare il nemico.<\/span><\/p>\n<p><span style=\"font-weight: 400;\">Dal contatto successivo, quindi, vengono rilasciate sostanze attive come l\u2019<\/span><b>istamina<\/b><span style=\"font-weight: 400;\">, in grado di scatenare le difese, ma allo stesso tempo, tutta la sintomatologia tipica; si tratta di una reazione verso i pollini, di intensit\u00e0 variabile a seconda di quanti vengano riconosciuti nocivi, ma anche verso qualsiasi altro allergene non legato a una stagionalit\u00e0 e quindi definito \u201cperenne\u201d, quali acari, pelo degli animali, spore di funghi e muffe.<\/span><\/p>\n<p>&nbsp;<\/p>\n<h3>Quando si sviluppano le allergie?<\/h3>\n<p><span style=\"font-weight: 400;\">Le reazioni allergiche possono manifestarsi a qualsiasi et\u00e0, ma \u00e8 molto probabile che si sviluppino <\/span><b>durante l\u2019infanzia<\/b> <b>o all<\/b><span style=\"font-weight: 400;\">\u2019<\/span><b>inizio dell\u2019et\u00e0 adulta<\/b><span style=\"font-weight: 400;\">.<\/span><\/p>\n<p><span style=\"font-weight: 400;\">Nel corso degli anni l\u2019andamento delle allergie pu\u00f2 modificarsi, tendendo normalmente a diminuire d\u2019intensit\u00e0 nel corso della vita, finanche a scomparire in rari casi.<\/span><\/p>\n<p>&nbsp;<\/p>\n<h3>Allergie stagionali e alimentazione<\/h3>\n<p><span style=\"font-weight: 400;\">Un fenomeno di cui bisognerebbe sempre tener conto \u00e8 la possibilit\u00e0 di <\/span><b>allergie crociate con alcuni alimenti<\/b><span style=\"font-weight: 400;\">, in quanto potrebbero contenere proteine simili a quelle presenti nei pollini che hanno dato il via alla sensibilizzazione.\u00a0<\/span><\/p>\n<p><span style=\"font-weight: 400;\">Normalmente, in caso di allergia alimentare, si assiste a prurito e gonfiore delle labbra e della mucosa orofaringea, ma i sintomi possono in alcuni casi essere tanto intensi da compromettere la respirazione e mettere addirittura a rischio la vita, se non s\u2019interviene tempestivamente.<\/span><\/p>\n<p><span style=\"font-weight: 400;\">Tra gli alimenti maggiormente responsabili di scatenare allergie ci sono certamente la frutta secca, i crostacei e i pomodori, ma potenzialmente ogni alimento pu\u00f2 rappresentare una minaccia; il consiglio \u00e8 ovviamente quello di evitarne il consumo o di farlo previa cottura, operazione che tende a ridurre il rischio.<\/span><\/p>\n<p>&nbsp;<\/p>\n<h3>Come fare la diagnosi?<\/h3>\n<p><span style=\"font-weight: 400;\">Normalmente i sintomi dell\u2019allergia sono facilmente gestiti <\/span><b>anche attraverso l\u2019automedicazione<\/b><span style=\"font-weight: 400;\">, ma \u00e8 necessario porre maggior attenzione nel caso in cui i farmaci normalmente utilizzati, presentino effetti collaterali o in caso di allergie da parte di bambini e donne in gravidanza e in allattamento, casistiche in cui le possibilit\u00e0 terapeutiche sono ridotte.<\/span><\/p>\n<p><span style=\"font-weight: 400;\">La diagnosi di allergia \u00e8 abbastanza semplice, al medico \u00e8 sufficiente raccogliere la descrizione dei sintomi per definirne il quadro; nel caso in cui sia per\u00f2 necessario identificare precisamente gli allergeni responsabili, \u00e8 utile sottoporsi a esami specifici quale il <\/span><b>prick test,<\/b><span style=\"font-weight: 400;\"> ad esempio, che consiste nell\u2019inoculare sottocute minime quantit\u00e0 di allergeni purificati e leggere poi la reazione che scatenano, o procedere con <\/span><b>esami del sangue<\/b><span style=\"font-weight: 400;\"> che misurano la quantit\u00e0 degli anticorpi presenti.<\/span><\/p>\n<p><span style=\"font-weight: 400;\">Difficile, invece, \u00e8 stabilire le cause dello svilupparsi dell\u2019allergia, anche se sembra evidente il ruolo di una predisposizione genetica, cos\u00ec come fattori ambientali legati a inquinanti presenti nell\u2019aria, o il fumo di sigaretta, attivo e passivo.<\/span><\/p>\n<p><span style=\"font-weight: 400;\">Una teoria suggestiva sembra imputare un importante ruolo anche <\/span><b>all\u2019eccessiva igiene ambientale e personale <\/b><span style=\"font-weight: 400;\">che, allontanando il contatto con virus e batteri circolanti, ridurrebbe la possibilit\u00e0 di un corretto sviluppo del sistema immunitario, rendendolo eccessivamente selettivo ed efficace oltre misura.\u00a0<\/span><\/p>\n<p><span style=\"font-weight: 400;\">Alcuni dati epidemiologici sembrerebbero avvalorare tale ipotesi: nei paesi occidentali, infatti, le allergie sono molto pi\u00f9 frequenti rispetto ai paesi in via di sviluppo, con le persone provenienti da paesi poveri che, una volta stabilitesi in paesi pi\u00f9 industrializzati, e quindi pi\u00f9 \u201csporchi\u201d, tendono a sviluppare allergie nelle stesse percentuali dei residenti.<\/span><\/p>\n<p>&nbsp;<\/p>\n<h3>Quali sono le terapie per le allergie?<\/h3>\n<p><span style=\"font-weight: 400;\">Per quanto riguarda le terapie, si tratta di prodotti utili a <\/span><b>tenere sotto controllo i sintomi<\/b> <b>e ridurre l\u2019impatto sulla qualit\u00e0 di vita,<\/b><span style=\"font-weight: 400;\"> ma molto dipende ovviamente dall\u2019intensit\u00e0 dei sintomi e dal loro perdurare.<\/span><\/p>\n<p><span style=\"font-weight: 400;\">In caso di sintomi leggeri il punto di riferimento \u00e8 il farmacista e i farmaci da banco, mentre in caso di sintomi pi\u00f9 seri meglio rivolgersi al proprio medico curante che prescriver\u00e0 il necessario, se invece i sintomi molto gravi \u00e8 necessario consultare lo specialista allergologo.<\/span><\/p>\n<p><span style=\"font-weight: 400;\">Normalmente ogni paziente allergico pu\u00f2 trovare facilmente un proprio equilibrio e condurre una vita normale anche nei periodi pi\u00f9 difficili, pur mettendo in atto attenzioni particolari.<\/span><\/p>\n<p><span style=\"font-weight: 400;\">D<\/span><b>efinire il proprio periodo critico<\/b><span style=\"font-weight: 400;\">, consultando il calendario dei pollini, rintracciabile in rete, \u00e8 certamente un primo passo molto utile per prepararsi e anticipare i sintomi che inevitabilmente arriveranno; a seconda della sintomatologia tipica si potr\u00e0 intervenire con antistaminici, decongestionanti, cortisonici, antagonisti dei recettori dei leucotrieni e soluzione fisiologia o ipertonica, sotto forma di spray, gocce, pomate, compresse.<\/span><\/p>\n<p>&nbsp;<\/p>\n<h3>Gli antistaminici<\/h3>\n<p><span style=\"font-weight: 400;\">Gli <\/span><b>antistaminici<\/b><span style=\"font-weight: 400;\"> sono i farmaci maggiormente utilizzati a livello locale o per assunzioni per bocca; quelli di ultima generazione, in particolare, non presentano il fastidioso e per certi versi pericoloso effetto collaterale dei primi antistaminici, vale a dire la sonnolenza.<\/span><\/p>\n<p><span style=\"font-weight: 400;\">Agiscono bloccando l\u2019istamina, principale sostanza pro-infiammatoria liberata durante la reazione allergica, e possono essere utilizzati all\u2019insorgenza dei sintomi o in chiave profilattica prima che gli allergeni stagionali facciano la loro comparsa, sempre attraverso una somministrazione limitata nel tempo.<\/span><\/p>\n<p>&nbsp;<\/p>\n<h3>I farmaci cortisonici<\/h3>\n<p><span style=\"font-weight: 400;\">I farmaci <\/span><b>cortisonici<\/b><span style=\"font-weight: 400;\">, specie in forma di spray, risultano essere i pi\u00f9 efficaci per il trattamento delle allergie; a\u00a0 differenza degli antistaminici, infatti, possono essere utilizzati anche per lunghi periodi e richiedono un impiego continuo per manifestare appieno la loro efficacia.\u00a0<\/span><\/p>\n<p><span style=\"font-weight: 400;\">L\u2019uso sotto forma di spray riduce di molto l\u2019assorbimento sistemico e di conseguenza gli effetti collaterali che potrebbero manifestarsi con un trattamento orale, come problemi gastrici, cataratta, osteoporosi e debolezza muscolare, mentre l\u2019applicazione locale presenta minimi effetti come irritazione nasale, un certo sapore e odore sgradevoli.<\/span><\/p>\n<p>&nbsp;<\/p>\n<h3><strong>I decongestionanti nasali<\/strong><\/h3>\n<p><span style=\"font-weight: 400;\">I <\/span><b>decongestionanti nasali<\/b><span style=\"font-weight: 400;\">, sotto forma di gocce e spray, sono ancora molto utilizzati per affrontare il fastidioso disturbo dell\u2019ostruzione nasale che accompagna i fenomeni allergici e interrompe il riposo notturno.<\/span><\/p>\n<p><span style=\"font-weight: 400;\">P<\/span><b>oche somministrazioni al giorno<\/b><span style=\"font-weight: 400;\"> e per periodi molto brevi \u00e8 l\u2019utilizzo consigliato, in quanto possono avere effetti collaterali non trascurabili, riconducibili al loro effetto vasocostrittore: in particolare, andrebbero evitati da soggetti ipertesi e da chi soffre di ipertrofia prostatica.\u00a0<\/span><\/p>\n<p><span style=\"font-weight: 400;\">Un\u2019altra motivazione che ne sconsiglia l\u2019uso prolungato, \u00e8 la loro tendenza a indurre a una sorta di dipendenza, che ne riduce anche gli effetti benefici: in tal caso, infatti, il soggetto si vede costretto ad aumentare le somministrazioni e a non poterne fare pi\u00f9 a meno, vedendo al tempo stesso peggiorare la propria congestione nasale; non a caso sono farmaci che vanno facilmente incontro a <\/span><b>fenomeni di abuso<\/b><span style=\"font-weight: 400;\">.<\/span><\/p>\n<p>&nbsp;<\/p>\n<h3>Contro l\u2019asma allergica<\/h3>\n<p><span style=\"font-weight: 400;\">Per chi soffre di asma allergica, invece, gli <\/span><b>antagonisti<\/b> <b>dei leucotrieni<\/b><span style=\"font-weight: 400;\"> sono farmaci importantissimi, in quanto agiscono contro tali sostanze liberate dal sistema immunitario e responsabili della produzione di muco e infiammazione delle vie aeree.<\/span><\/p>\n<p><span style=\"font-weight: 400;\">Il principale effetto collaterale \u00e8 rappresentato dal mal di testa, ma sono certificati, anche se decisamente meno comuni, dolori addominali, tosse e vertigini.<\/span><\/p>\n<p><span style=\"font-weight: 400;\">Le <\/span><b>soluzioni fisiologiche o ipertoniche<\/b><span style=\"font-weight: 400;\">, invece, risultano essere molto utili per il lavaggio delle fosse nasali e per allontanare gli allergeni dalla sede dove tendono ad annidarsi, mantenendo al tempo stesso le mucose idratate e lubrificate, e non presentando alcun rischio per uso frequente e continuo.<\/span><\/p>\n<p>&nbsp;<\/p>\n<h3>Le sostanze naturali che aiutano a combattere le allergie<\/h3>\n<p><span style=\"font-weight: 400;\">Esistono anche molte sostanze di origine naturale che possono essere utilizzate per contrastare le allergie e migliorare la risposta immunitaria, sia sole che in associazione a farmaci gi\u00e0 indicati.<\/span><\/p>\n<p><span style=\"font-weight: 400;\">Il <\/span><b>ribes nero<\/b><span style=\"font-weight: 400;\">, ad esempio, \u00e8 considerato un cortisonico naturale per l\u2019attivit\u00e0 antiinfiammatoria e la capacit\u00e0 di modulare le risposte immunitarie, indicato anche come rimedio preventivo da utilizzare con largo anticipo sul periodo critico previsto.<\/span><\/p>\n<p><span style=\"font-weight: 400;\">La <\/span><b>quercetina<\/b><span style=\"font-weight: 400;\">, invece, si caratterizza per la grande capacit\u00e0 di inibire il rilascio d\u2019istamina e ridurre il livello dei leucotrieni circolanti, intervenendo nella risposta infiammatoria.<\/span><\/p>\n<p><span style=\"font-weight: 400;\">Il <\/span><b>resversatrolo<\/b><span style=\"font-weight: 400;\"> \u00e8 un polifenolo presente in diversi vegetali; potente antiossidante, agisce rinforzando il sistema immunitario e per questo viene riconosciuto come importante antistaminico naturale e utilizzato in molte formulazioni ad attivit\u00e0 antiallergica.<\/span><\/p>\n<p><span style=\"font-weight: 400;\">La <\/span><b>camomilla<\/b><span style=\"font-weight: 400;\">, dal canto suo, si trova in molti colliri ad azione decongestionante e viene spesso utilizzata anche per impacchi palpebrali, oltre che sotto forma di tisana, magari addolcita con il miele, per ridurre la flogosi delle mucose dell\u2019oro-faringe.<\/span><\/p>\n<p><span style=\"font-weight: 400;\">Gli <\/span><b>acidi Omega 3<\/b><span style=\"font-weight: 400;\">, infine, hanno un ruolo importante sul funzionamento del sistema immunitario, osteggiando le infiammazioni e rinforzando le membrane cellulari, funzioni estremamente utili anche in caso di allergie alimentari.<\/span><\/p>\n<p>&nbsp;<\/p>\n<h3><b>Cercasi consigli pratici per arginare le allergie di stagione!<\/b><\/h3>\n<p><span style=\"font-weight: 400;\">Per concludere, \u00e8 bene ricordare poche e semplici regole che possono avere grande importanza nel ridurre la presenza degli allergeni nell\u2019ambiente e l\u2019intensit\u00e0 della risposta allergica.<\/span><\/p>\n<p><span style=\"font-weight: 400;\">Come prima cosa <\/span><b>ricambiare l\u2019aria nelle case<\/b><span style=\"font-weight: 400;\"> \u00e8 fondamentale, ma durante il periodo dei pollini \u00e8 bene scegliere il momento giusto della giornata, in cui il polline circola meno, solitamente tra le 6 e le 8 del mattino nelle citt\u00e0 e dopo il tramonto in campagna; da evitare, ovviamente, in corrispondenza del taglio dell\u2019erba o nei momenti di maggiore ventosit\u00e0.<\/span><\/p>\n<p><span style=\"font-weight: 400;\">Massima attenzione va posta anche alla <\/span><b>pulizia della casa,<\/b><span style=\"font-weight: 400;\"> per evitare che i pollini e la polvere si depositino a lungo; \u00e8 bene spolverare spesso con panno umido e utilizzare aspirapolveri con filtro HEPA, come anche pulire con molta attenzione e frequentemente i filtri del condizionatore, specialmente nel periodo dei pollini.<\/span><\/p>\n<p><span style=\"font-weight: 400;\">Stendere i vestiti all\u2019aperto aumenta il rischio di portare in casa i pollini che vi si depositano sopra, e per lo stesso motivo \u00e8 bene <\/span><b>cambiarsi i vestiti appena entrati in casa e lavarsi i capelli prima di andare a letto<\/b><span style=\"font-weight: 400;\">, per evitare che i pollini prendano dimora sul cuscino costringendo a passare la notte circondati da allergeni.<\/span><\/p>\n<p><span style=\"font-weight: 400;\">In caso di allergie agli acari della polvere, invece, lenzuola, federe, tende andrebbero lavate spesso e a una temperatura di almeno 60 gradi, i peluche andrebbero evitati, soprattutto nella camera da letto o direttamente nel letto dei soggetti allergici, e se si tratta di bambini andrebbero quantomeno lavati il pi\u00f9 spesso possibile.<\/span><\/p>\n<p><span style=\"font-weight: 400;\">Per chi ha animali domestici, andrebbero lavati una volta a settimana, per limitare la presenza di forfora fortemente allergizzante, anche se non sempre \u00e8 cos\u00ec facile convincerli!<\/span><\/p>\n<p><span style=\"font-weight: 400;\">Discorso analogo anche per le librerie, con la polvere che tende a depositarsi in maniera importante sui libri, per questo \u00e8 buona regola spolverarli frequentemente.\u00a0<\/span><\/p>\n<p><span style=\"font-weight: 400;\">Un ultimo accorgimento se viaggiate spesso, sia per svago che per lavoro: verificare sempre il periodo di fioritura nella zona in cui ci si reca.<\/span><\/p>\n<p>&nbsp;<\/p>\n<p><strong>Dottor Gamberini Stefano<\/strong><br \/>\n<strong>Farmacista presso AFM Farmacie Comunali Ferrara<\/strong>[\/vc_column_text][\/vc_column][\/vc_row]<\/p>\n","protected":false},"excerpt":{"rendered":"<p>[vc_row][vc_column][vc_empty_space height=&#8221;15px&#8221;][vc_column_text]L\u2019 arrivo della primavera e della bella stagione non per tutti \u00e8 una festa: quasi un italiano su tre, infatti, in questo periodo soffre di una serie di disturbi&hellip;<\/p>\n","protected":false},"author":7,"featured_media":10558,"comment_status":"closed","ping_status":"closed","sticky":false,"template":"","format":"standard","meta":[],"categories":[159],"tags":[],"class_list":["post-10427","post","type-post","status-publish","format-standard","has-post-thumbnail","hentry","category-blog-home","category-159","description-off"],"_links":{"self":[{"href":"https:\/\/www.afm.fe.it\/index.php?rest_route=\/wp\/v2\/posts\/10427","targetHints":{"allow":["GET"]}}],"collection":[{"href":"https:\/\/www.afm.fe.it\/index.php?rest_route=\/wp\/v2\/posts"}],"about":[{"href":"https:\/\/www.afm.fe.it\/index.php?rest_route=\/wp\/v2\/types\/post"}],"author":[{"embeddable":true,"href":"https:\/\/www.afm.fe.it\/index.php?rest_route=\/wp\/v2\/users\/7"}],"replies":[{"embeddable":true,"href":"https:\/\/www.afm.fe.it\/index.php?rest_route=%2Fwp%2Fv2%2Fcomments&post=10427"}],"version-history":[{"count":23,"href":"https:\/\/www.afm.fe.it\/index.php?rest_route=\/wp\/v2\/posts\/10427\/revisions"}],"predecessor-version":[{"id":10575,"href":"https:\/\/www.afm.fe.it\/index.php?rest_route=\/wp\/v2\/posts\/10427\/revisions\/10575"}],"wp:featuredmedia":[{"embeddable":true,"href":"https:\/\/www.afm.fe.it\/index.php?rest_route=\/wp\/v2\/media\/10558"}],"wp:attachment":[{"href":"https:\/\/www.afm.fe.it\/index.php?rest_route=%2Fwp%2Fv2%2Fmedia&parent=10427"}],"wp:term":[{"taxonomy":"category","embeddable":true,"href":"https:\/\/www.afm.fe.it\/index.php?rest_route=%2Fwp%2Fv2%2Fcategories&post=10427"},{"taxonomy":"post_tag","embeddable":true,"href":"https:\/\/www.afm.fe.it\/index.php?rest_route=%2Fwp%2Fv2%2Ftags&post=10427"}],"curies":[{"name":"wp","href":"https:\/\/api.w.org\/{rel}","templated":true}]}}