


{"id":10542,"date":"2023-04-25T10:57:04","date_gmt":"2023-04-25T08:57:04","guid":{"rendered":"https:\/\/www.afm.fe.it\/?p=10542"},"modified":"2023-04-28T11:33:59","modified_gmt":"2023-04-28T09:33:59","slug":"un-blog-per-prendersi-cura-di-se","status":"publish","type":"post","link":"https:\/\/www.afm.fe.it\/?p=10542","title":{"rendered":"Un blog per prendersi cura di s\u00e9"},"content":{"rendered":"<p>[vc_row][vc_column][vc_column_text]<\/p>\n<h2 class=\"wp-block-heading\"><strong>Un Blog per prendersi cura di s\u00e9.<\/strong><\/h2>\n<p><br \/>\n<strong>Tenere sotto controllo il nostro stato di salute<\/strong>, assecondando le necessit\u00e0 del nostro corpo, <strong>\u00e8 un favore che dobbiamo a noi stessi<\/strong>. Gli anni segnati dall\u2019emergenza sanitaria ci hanno insegnato a non sottovalutare l\u2019importanza del nostro benessere fisico, e spesso anche mentale, che ci permette di vivere serenamente le attivit\u00e0 quotidiane che compongono la nostra giornata, le nostre abitudini.<\/p>\n<p><br \/>\n<strong>Ma come fare se non si hanno gli strumenti per definire questo benessere? O per immaginare rimedi alle sue alterazioni?<\/strong> La farmacia, ancora una volta, rappresenta uno dei principali assi di sostegno di questo equilibrio quotidiano. Gli undici poli di AFM vi accolgono ogni giorno, con uno staff di farmacisti competenti e appassionati, per consigliarvi con attenzione e, se ce ne fosse bisogno, orientarvi verso un percorso di analisi medica professionale.<\/p>\n<p>Proprio con l\u2019aiuto dei Dottori farmacisti di AFM, abbiamo pensato di <strong>proporre alcuni focus sulle patologie stagionali pi\u00f9 comuni<\/strong> per facilitare l\u2019individuazione dei sintomi, diffondere alcune nozioni basilari, rendere noti i rimedi pi\u00f9 efficaci, e favorire il riconoscimento dei segnali di pericolo se i disturbi dovessero aggravarsi.<\/p>\n<p><strong>Consigli<\/strong>, dunque, ma anche <strong>curiosit\u00e0<\/strong> e <strong>informazione<\/strong> per fornirvi un servizio in pi\u00f9 grazie al nostro <strong>blog<\/strong>; e un passo oltre: potreste essere voi stessi a suggerire temi, a chiedere chiarimenti, a condividere dubbi attraverso i box dedicati nelle stories del nostro profilo Instagram @farmaciecomunaliferrara.<\/p>\n<p><strong>Siamo da sempre al tuo fianco, oggi anche online!<\/strong><\/p>\n<p>&nbsp;[\/vc_column_text][vc_btn title=&#8221;Leggi ora gli articoli!&#8221; style=&#8221;custom&#8221; custom_background=&#8221;#00a351&#8243; custom_text=&#8221;#ffffff&#8221; link=&#8221;url:https%3A%2F%2Fwww.afm.fe.it%2F%3Fpage_id%3D10577&#8243; css=&#8221;.vc_custom_1682674435912{margin-top: -30px !important;}&#8221;][\/vc_column][\/vc_row][vc_row][vc_column][\/vc_column][\/vc_row]<\/p>\n","protected":false},"excerpt":{"rendered":"<p>[vc_row][vc_column][vc_column_text] Un Blog per prendersi cura di s\u00e9. Tenere sotto controllo il nostro stato di salute, assecondando le necessit\u00e0 del nostro corpo, \u00e8 un favore che dobbiamo a noi stessi.&hellip;<\/p>\n","protected":false},"author":3,"featured_media":10543,"comment_status":"closed","ping_status":"closed","sticky":false,"template":"","format":"standard","meta":[],"categories":[159],"tags":[],"class_list":["post-10542","post","type-post","status-publish","format-standard","has-post-thumbnail","hentry","category-blog-home","category-159","description-off"],"_links":{"self":[{"href":"https:\/\/www.afm.fe.it\/index.php?rest_route=\/wp\/v2\/posts\/10542","targetHints":{"allow":["GET"]}}],"collection":[{"href":"https:\/\/www.afm.fe.it\/index.php?rest_route=\/wp\/v2\/posts"}],"about":[{"href":"https:\/\/www.afm.fe.it\/index.php?rest_route=\/wp\/v2\/types\/post"}],"author":[{"embeddable":true,"href":"https:\/\/www.afm.fe.it\/index.php?rest_route=\/wp\/v2\/users\/3"}],"replies":[{"embeddable":true,"href":"https:\/\/www.afm.fe.it\/index.php?rest_route=%2Fwp%2Fv2%2Fcomments&post=10542"}],"version-history":[{"count":11,"href":"https:\/\/www.afm.fe.it\/index.php?rest_route=\/wp\/v2\/posts\/10542\/revisions"}],"predecessor-version":[{"id":10617,"href":"https:\/\/www.afm.fe.it\/index.php?rest_route=\/wp\/v2\/posts\/10542\/revisions\/10617"}],"wp:featuredmedia":[{"embeddable":true,"href":"https:\/\/www.afm.fe.it\/index.php?rest_route=\/wp\/v2\/media\/10543"}],"wp:attachment":[{"href":"https:\/\/www.afm.fe.it\/index.php?rest_route=%2Fwp%2Fv2%2Fmedia&parent=10542"}],"wp:term":[{"taxonomy":"category","embeddable":true,"href":"https:\/\/www.afm.fe.it\/index.php?rest_route=%2Fwp%2Fv2%2Fcategories&post=10542"},{"taxonomy":"post_tag","embeddable":true,"href":"https:\/\/www.afm.fe.it\/index.php?rest_route=%2Fwp%2Fv2%2Ftags&post=10542"}],"curies":[{"name":"wp","href":"https:\/\/api.w.org\/{rel}","templated":true}]}}