


{"id":10618,"date":"2023-05-09T09:46:57","date_gmt":"2023-05-09T07:46:57","guid":{"rendered":"https:\/\/www.afm.fe.it\/?p=10618"},"modified":"2023-05-17T09:52:01","modified_gmt":"2023-05-17T07:52:01","slug":"il-piano-di-contrasto-alla-zanzara-2023-kit-gratuiti-nelle-farmacie","status":"publish","type":"post","link":"https:\/\/www.afm.fe.it\/?p=10618","title":{"rendered":"Il piano di contrasto alla zanzara 2023. Kit gratuiti nelle farmacie"},"content":{"rendered":"<p>[vc_row][vc_column]<div id=\"ultimate-heading-788269f0982fa8804\" class=\"uvc-heading ult-adjust-bottom-margin ultimate-heading-788269f0982fa8804 uvc-4616  uvc-heading-default-font-sizes\" data-hspacer=\"no_spacer\"  data-halign=\"left\" style=\"text-align:left\"><div class=\"uvc-heading-spacer no_spacer\" style=\"top\"><\/div><div class=\"uvc-main-heading ult-responsive\"  data-ultimate-target='.uvc-heading.ultimate-heading-788269f0982fa8804 h3'  data-responsive-json-new='{\"font-size\":\"\",\"line-height\":\"\"}' ><h3 style=\"--font-weight:theme;\">Ll piano di contrasto alla zanzara 2023. Kit gratuiti nelle farmacie.<\/h3><\/div><\/div>[vc_empty_space height=&#8221;15px&#8221;][vc_column_text]Entra nella fase operativa il piano per la lotta alle zanzare e al controllo delle malattie da esse trasmesse messo a punto dall&#8217;assessorato alle Politiche Sociali e Sanitarie del Comune di Ferrara, e approvato oggi in giunta su proposta dell&#8217;assessore Cristina Coletti. Un impegno che vede l&#8217;Amministrazione comunale attiva su pi\u00f9 fronti, dalla pulizia e disinfestazione delle caditoie stradali sino alla distribuzione gratuita alla cittadinanza di kit larvicidi, passando per un costante monitoraggio dell&#8217;efficacia delle azioni.<\/p>\n<p>&#8220;Con l&#8217;avvicinamento della bella stagione &#8211; spiega l&#8217;assessore alle Politiche sociali Cristina Coletti &#8211; si rende necessario ripristinare un&#8217;importantissima attivit\u00e0 sociosanitaria che tutela soprattutto i cittadini pi\u00f9 fragili. Le punture di insetti possono arrecare danni gravissimi per la salute, siamo dunque pronti a fare tutto ci\u00f2 che serve per prevenire la loro diffusione attraverso azioni mirate che si susseguiranno fino al prossimo 31 ottobre, data di cessazione dell&#8217;ordinanza che delinea i comportamenti da osservare per tenere sotto controllo le malattie trasmesse dalle zanzare&#8221;.<\/p>\n<p>Per limitare la proliferazione degli insetti &#8211; nello specifico la zanzara tigre (Aedes albopictus) e comune (Culex spp.) &#8211; il Comune di Ferrara ha stretto accordi con Afm e con Federfarma per avviare la distribuzione nelle farmacie comunali e private di set contenenti prodotti antilarvali, da dosare nei pozzetti delle abitazioni private, richiedibili e utilizzabili in autonomia dai cittadini in quanto privi di rischi per la salute. I kit possono essere ritirati a partire da mercoled\u00ec 10 maggio 2023 nelle farmacie aderenti, riconoscibili dall&#8217;esposizione di una vetrofania, su presentazione di un modulo scaricabile sul sito di Ferrara Tua e dalla documentazione disponibile nella sezione Documenti a fondo pagina.<\/p>\n<p>La distribuzione dell&#8217;insetto verr\u00e0 monitorata attraverso l&#8217;installazione di 90 ovitrappole sul territorio, e nel frattempo Ferrara Tua, nel periodo da aprile ad ottobre, \u00e8 stata incaricata dal Comune di trattare con prodotti antilarvali i tombini, le caditoie e tutti i potenziali ristagni d&#8217;acqua nelle aree pubbliche ed eventualmente a disinfestare con trattamenti adulticidi spray da nebulizzare, ma solo in casi di infestazione straordinaria o di emergenza a seguito di eventuale recrudescenza di casi di malattie e di epidemie trasmesse da vettori. La lotta larvale prevede 650 interventi annui nei ristagni e nei corsi d&#8217;acqua a lento deflusso e in circa 36mila caditoie con 8 passaggi in ciascuna da aprile ad ottobre. Trattamenti saranno effettuati anche nei siti sensibili come parchi pubblici, zone verdi attrezzate, scuole ed aree verdi che ospitano manifestazioni patrocinate dal Comune.<\/p>\n<p>&#8220;Anche quest&#8217;anno &#8211; dice il presidente di Ferrara Tua Luca Cimarelli &#8211; massimizziamo l&#8217;impegno di disinfestazione di Ferrara Tua e delle 11 farmacie comunali in cui si potranno ritirare i kit con i prodotti larvicidi. Si tratta di una collaborazione che dimostra quanto la sinergia fra enti sia fondamentale per ottenere i risultati positivi in favore della cittadinanza&#8221;.<\/p>\n<p>&#8220;In tutto questo &#8211; aggiunge Coletti &#8211; i cittadini sono chiamati a essere responsabili attuando semplici comportamenti che fanno davvero la differenza nella lotta alle zanzare. Come specificato anche nell&#8217;ordinanza sindacale, vanno assolutamente tenuti sgomberi da rifiuti le aree cortilive, bisogna evitare ogni forma di ristagno d&#8217;acqua e verificare che caditoie e grondaie siano pulite. Per tutelare la salute dei pi\u00f9 deboli, tutti sono chiamati a fare la propria parte&#8221;.<\/p>\n<p>Per effetto di una convenzione siglata tra il Comune e il Consorzio Futuro in Ricerca partecipato anche dall&#8217;Universit\u00e0 di Ferrara, si attuer\u00e0 un progetto di ricerca volto ad una strategia integrata nella lotta alle zanzare per effetto del quale il quadro degli interventi sar\u00e0 completato dal personale del consorzio che da fine maggio avvier\u00e0 i controlli di qualit\u00e0 dei trattamenti larvicidi in quasi 400 caditoie pubbliche, con lo scopo di valutare l&#8217;efficacia dei trattamenti effettuati. Gli accertamenti porteranno alla realizzazione di una mappa georeferenziata dei trattamenti e ad un approfondimento sulle correlazioni tra le tipologie di prodotti applicati e i casi di criticit\u00e0 che si evidenziano sul territorio. La ricerca sar\u00e0 oggetto di una relazione finale annuale in cui verranno elaborati i dati raccolti sia sui trattamenti adulticidi che larvicidi eseguiti in aree pubbliche e private per poter trovare spunti di miglioramento delle azioni da intraprendere. La Polizia Locale e le altre forze dell&#8217;ordine vigileranno invece sugli adempimenti agli obblighi contenuti nell&#8217;ordinanza, prescrivendo azioni di adeguamento o applicando, in caso di violazioni, le sanzioni previste che vanno da un minimo di 75 euro fino ad un massimo di 450 euro.[\/vc_column_text][\/vc_column][\/vc_row]<\/p>\n","protected":false},"excerpt":{"rendered":"<p>[vc_row][vc_column][vc_empty_space height=&#8221;15px&#8221;][vc_column_text]Entra nella fase operativa il piano per la lotta alle zanzare e al controllo delle malattie da esse trasmesse messo a punto dall&#8217;assessorato alle Politiche Sociali e Sanitarie del&hellip;<\/p>\n","protected":false},"author":7,"featured_media":10619,"comment_status":"closed","ping_status":"closed","sticky":false,"template":"","format":"standard","meta":[],"categories":[90],"tags":[],"class_list":["post-10618","post","type-post","status-publish","format-standard","has-post-thumbnail","hentry","category-news","category-90","description-off"],"_links":{"self":[{"href":"https:\/\/www.afm.fe.it\/index.php?rest_route=\/wp\/v2\/posts\/10618","targetHints":{"allow":["GET"]}}],"collection":[{"href":"https:\/\/www.afm.fe.it\/index.php?rest_route=\/wp\/v2\/posts"}],"about":[{"href":"https:\/\/www.afm.fe.it\/index.php?rest_route=\/wp\/v2\/types\/post"}],"author":[{"embeddable":true,"href":"https:\/\/www.afm.fe.it\/index.php?rest_route=\/wp\/v2\/users\/7"}],"replies":[{"embeddable":true,"href":"https:\/\/www.afm.fe.it\/index.php?rest_route=%2Fwp%2Fv2%2Fcomments&post=10618"}],"version-history":[{"count":4,"href":"https:\/\/www.afm.fe.it\/index.php?rest_route=\/wp\/v2\/posts\/10618\/revisions"}],"predecessor-version":[{"id":10623,"href":"https:\/\/www.afm.fe.it\/index.php?rest_route=\/wp\/v2\/posts\/10618\/revisions\/10623"}],"wp:featuredmedia":[{"embeddable":true,"href":"https:\/\/www.afm.fe.it\/index.php?rest_route=\/wp\/v2\/media\/10619"}],"wp:attachment":[{"href":"https:\/\/www.afm.fe.it\/index.php?rest_route=%2Fwp%2Fv2%2Fmedia&parent=10618"}],"wp:term":[{"taxonomy":"category","embeddable":true,"href":"https:\/\/www.afm.fe.it\/index.php?rest_route=%2Fwp%2Fv2%2Fcategories&post=10618"},{"taxonomy":"post_tag","embeddable":true,"href":"https:\/\/www.afm.fe.it\/index.php?rest_route=%2Fwp%2Fv2%2Ftags&post=10618"}],"curies":[{"name":"wp","href":"https:\/\/api.w.org\/{rel}","templated":true}]}}