


{"id":11050,"date":"2024-03-12T17:50:34","date_gmt":"2024-03-12T16:50:34","guid":{"rendered":"https:\/\/www.afm.fe.it\/?p=11050"},"modified":"2024-06-03T09:26:54","modified_gmt":"2024-06-03T07:26:54","slug":"non-sottovalutare-ligiene-orale","status":"publish","type":"post","link":"https:\/\/www.afm.fe.it\/?p=11050","title":{"rendered":"Non sottovalutare l&#8217;igiene orale!"},"content":{"rendered":"<p>[vc_row][vc_column]<div id=\"ultimate-heading-762669f0588dd9ba1\" class=\"uvc-heading ult-adjust-bottom-margin ultimate-heading-762669f0588dd9ba1 uvc-9184  uvc-heading-default-font-sizes\" data-hspacer=\"no_spacer\"  data-halign=\"left\" style=\"text-align:left\"><div class=\"uvc-heading-spacer no_spacer\" style=\"top\"><\/div><div class=\"uvc-main-heading ult-responsive\"  data-ultimate-target='.uvc-heading.ultimate-heading-762669f0588dd9ba1 h2'  data-responsive-json-new='{\"font-size\":\"\",\"line-height\":\"\"}' ><h2 style=\"--font-weight:theme;\">Non sottovalutare l'igiene orale!<\/h2><\/div><\/div>[vc_empty_space height=&#8221;15px&#8221;][vc_column_text]Prevenire \u00e8 meglio che curare. Chi non ha mai sentito dire questa frase? E quante volte l\u2019abbiamo ripetuta parlando di denti! Sicuramente, soffrire di una patologia del cavo orale provoca conseguenze a livello psicologico e sociale, ma spesso si sottovaluta quanto possa avere ripercussioni anche su tutto l&#8217;organismo.<\/p>\n<p>\u00c8 noto che spesso si tenda a dare poco peso a queste problematiche fino all\u2019aggravarsi della situazione, che diventa talvolta irreversibile. Diamo qualche numero: circa 3,5 miliardi della popolazione mondiale soffre di una patologia del cavo orale, in Italia sono 20 milioni le persone oltre i 35 anni di et\u00e0 che soffrono di problemi gengivali, 8 milioni hanno la parodontite e 3 milioni sono a grave rischio di perdita dei denti.<\/p>\n<p>Che comportamento seguire? A quali conseguenze possiamo andare incontro? Cerchiamo di analizzare la situazione prendendo in considerazione alcune problematiche per capire quali strategie applicare.<\/p>\n<p><b>\u00a0<\/b><\/p>\n<h3><b>Tutto parte dalla gengivite<\/b><\/h3>\n<p>La gengivite \u00e8 un&#8217;infiammazione molto comune, e fortunatamente reversibile, favorita dalla scarsa igiene orale: la placca dentale che si forma a causa di residui di cibo, batteri e muco, e che non viene adeguatamente rimossa con lo spazzolamento, tende a calcificare ed a trasformarsi in tartaro.<\/p>\n<p>Le normali pratiche di igiene orale non consentono l&#8217;eliminazione degli accumuli di tartaro che finiscono per favorire la proliferazione batterica: da qui ha origine un processo irritativo che porta a dolore e infiammazione delle gengive.<\/p>\n<p>La gengivite trascurata, o non trattata in maniera corretta, pu\u00f2 sfociare nella paradontite, una malattia irreversibile che, se non trattata adeguatamente, provoca una perdita di densit\u00e0 ossea con conseguente caduta dei denti.<\/p>\n<p>Per agire preventivamente \u00e8 necessario seguire una buona routine di igiene orale che elimini con cura la placca batterica, e fare controlli di prevenzione regolari, che consentano una diagnosi precoce e un tempestivo trattamento.<\/p>\n<p>Quali sono i sintomi da non sottovalutare? Sicuramente il sanguinamento gengivale, sia spontaneo che in seguito a spazzolamento, ma anche l\u2019alitosi, le gengive che si ritirano e i denti che si muovono.<\/p>\n<p><b>\u00a0<\/b><\/p>\n<h3><b>Manteniamo le ossa in salute per avere denti in salute<\/b>.<\/h3>\n<p>Osteroporosi e parodontite sono problemi correlati: cos\u00ec come la parodontite \u00e8 associata ad un aumento del rischio di osteoporosi, il rischio di sviluppare parodontiti, nei soggetti che soffrono di osteoporosi \u00e8 ben 6 volte maggiore rispetto a soggetti sani.<\/p>\n<p>L&#8217;osteoporosi pu\u00f2 interessare anche mandibola e mascella con conseguente perdita di densit\u00e0 ossea e caduta dei denti. Aumenta inoltre il rischio di parodontiti e carie.<\/p>\n<p><b>\u00a0<\/b><\/p>\n<h3><b>Proteggiamoci dalle parodontiti per proteggere anche il nostro cuore.<\/b><\/h3>\n<p>Esiste una stretta correlazione anche tra malattie cardiovascolari e salute orale: la parodontite rappresenta un fattore di rischio perch\u00e9 mette i batteri nella condizione di raggiungere facilmente il distretto cardiocircolatorio, partendo dalle gengive, aumentando il rischio di ictus, malattie coronariche e aterosclerosi. Quando la parodontite viene diagnosticata a un soggetto cardiopatico, la situazione va monitorata con attenzione per scongiurare l&#8217;aggravarsi di una condizione cardiocircolatoria gi\u00e0 compromessa.<\/p>\n<p><b>\u00a0<\/b><\/p>\n<h3><b>L&#8217;importanza della prevenzione orale nei soggetti diabetici.<\/b><\/h3>\n<p>Chi soffre di diabete deve dare particolare importanza alla prevenzione dei problemi orali: tra parodontite e diabete c&#8217;\u00e8 un collegamento stretto e pericoloso che potrebbe persino sfociare in una riduzione dell&#8217;efficacia delle terapie antidiabetiche.<\/p>\n<p>I diabetici hanno il triplo delle probabilit\u00e0 di sviluppare malattie parodontali rispetto ai soggetti sani, ma \u00e8 vero anche il contrario: evidenze scientifiche dimostrano che le persone con parodontiti vanno incontro a rischio pi\u00f9 alto di incorrere nell&#8217;insorgenza del diabete. Inoltre, i soggetti diabetici che soffrono di parodontite possono rischiare complicanze gravi della loro patologia. Dunque, per le persone diabetiche, curare l&#8217;igiene orale e agire molto precocemente in caso di gengivite o infezioni parodontali pu\u00f2 essere di fondamentale importanza.<\/p>\n<p>&nbsp;<\/p>\n<h3><b>Edentulismo: la perdita dei denti.<\/b><\/h3>\n<p>La perdita dei denti \u00e8 un problema molto diffuso in Italia, basti pensare che il 60% degli over 80 non ha pi\u00f9 nessun dente naturale e quasi il 15% della popolazione di et\u00e0 superiore ai 14 anni ha perso almeno un dente. Nonostante ci\u00f2 che si potrebbe dedurre dai dati, la caduta dei denti, l&#8217;edentulismo, non \u00e8 mai dovuto alla vecchiaia ma piuttosto a traumi, infezioni o perdita di densit\u00e0 ossea. Perdere i denti pu\u00f2 avere conseguenze sociali, psicologiche ma anche fisiche; per esempio, una masticazione alterata pu\u00f2 comportare obesit\u00e0, problemi gastrointestinali e malattie cardiovascolari.<\/p>\n<p>I trattamenti per la perdita dei denti consistono nell&#8217;uso di protesi mobili, fisse o impianti. Il fatto di avere protesi, fisse o mobili che siano, non esclude mai la necessit\u00e0 di una corretta igiene orale: l&#8217;accumulo di placca pu\u00f2 provocare carie sui denti naturali rimasti, compromettendone lo stato di salute, provocare alitosi o infezioni batteriche. Molto importante anche far controllare regolarmente le protesi dal dentista ed eventualmente farle sistemare per ottimizzarne la tenuta.<\/p>\n<p>&nbsp;<\/p>\n<h3><b>Utilizzo dello spazzolino elettrico: s\u00ec o no?<\/b><\/h3>\n<p>Una domanda dalla risposta semplicissima: assolutamente s\u00ec. Il Ministero della Salute raccomanda l&#8217;utilizzo dello spazzolino elettrico perch\u00e9, con il suo movimento di roto-oscillazione, che \u00e8 di base anche negli strumenti pi\u00f9 semplici, rimuove il 100% in pi\u00f9 della placca rispetto ad un normale spazzolino manuale. Non \u00e8 tutto: lo spazzolino elettrico comporta un minor sanguinamento delle gengive grazie a sensori di pressione che evitano la brutta problematica.<\/p>\n<p>&nbsp;<\/p>\n<h3><b>Dentifricio e collutorio: quale scegliere?<\/b><\/h3>\n<p>Dipende dallo stato della nostra bocca:<\/p>\n<ul>\n<li aria-level=\"1\">dentifricio al fluoro e filo interdentale per mantenere la bocca in buona salute;<\/li>\n<li aria-level=\"1\">dentifricio e collutorio antibatterico con filo e scovolino per problemi di gengivite,<\/li>\n<li aria-level=\"1\">dentifricio e collutorio al fluoro per problemi di carie.<\/li>\n<\/ul>\n<p>Necessita di particolare attenzione chi soffre di reflusso acido perch\u00e9 potrebbe incappare in problemi di erosione dentale: in questi casi \u00e8 consigliato non lavare i denti subito dopo aver mangiato; meglio aspettare una trentina di minuti per permettere alla bocca di ripristinare un pH pi\u00f9 basico. A questi ultimi \u00e8 consigliato l&#8217;utilizzo di dentifrici remineralizzanti al fluoro, filo interdentale e collutorio al fluoro da usare, per\u00f2, prima dei pasti e prima di andare a dormire. L&#8217;utilizzo dello spazzolino elettrico \u00e8 sempre preferibile, ma \u00e8 necessario scegliere le testine pi\u00f9 indicate, valutando di caso in caso: chi ha gengive infiammate o denti sensibili, ad esempio, dovr\u00e0 optare per setole morbide e delicate. Attenzione a dentifrici, spazzolini o setole dello spazzolino elettrico ad effetto sbiancante: non vanno usate quotidianamente ma al massimo due o tre volte alla settimana per non danneggiare lo smalto dentale.<\/p>\n<p>&nbsp;<\/p>\n<h3><b>Chi porta le protesi come deve comportarsi?<\/b><\/h3>\n<p>La protesi va spazzolata e lavata quotidianamente con le apposite compresse effervescenti. Non dimentichiamoci dei denti residui: dentifricio, filo interdentale e collutorio al fluoro per mantenerli in buona salute.<\/p>\n<h3><\/h3>\n<p>&nbsp;<\/p>\n<h3><b>E nei bambini?<\/b><\/h3>\n<p>L&#8217;educazione ad una corretta igiene orale deve essere introdotta sin dalla pi\u00f9 tenera et\u00e0. L&#8217;utilizzo dello spazzolino elettrico si pu\u00f2 prevedere dai 3 anni in su.<\/p>\n<p>Una raccomandazione: \u00e8 bene non\u00a0 lasciar cariare i denti da latte pensando che tanto andranno persi. Gli agenti cariogeni possono intaccare i denti definitivi anche molto prima che spuntino.<\/p>\n<p>&nbsp;<\/p>\n<p>Concludendo, instaurare una buona routine di igiene orale \u00e8 di fondamentale importanza per tutti, a qualsiasi et\u00e0 e in qualsiasi stato di salute. E adesso, tutti a lavarsi i denti!<\/p>\n<p>&nbsp;<\/p>\n<p><strong>Dott.ssa Faccini Sara<br \/>\n<\/strong><\/p>\n<p><strong>Farmacista presso AFM Farmacie Comunali Ferrara<\/strong>[\/vc_column_text][\/vc_column][\/vc_row]<\/p>\n","protected":false},"excerpt":{"rendered":"<p>[vc_row][vc_column][vc_empty_space height=&#8221;15px&#8221;][vc_column_text]Prevenire \u00e8 meglio che curare. Chi non ha mai sentito dire questa frase? E quante volte l\u2019abbiamo ripetuta parlando di denti! Sicuramente, soffrire di una patologia del cavo orale&hellip;<\/p>\n","protected":false},"author":7,"featured_media":11049,"comment_status":"closed","ping_status":"closed","sticky":false,"template":"","format":"standard","meta":[],"categories":[159,1],"tags":[],"class_list":["post-11050","post","type-post","status-publish","format-standard","has-post-thumbnail","hentry","category-blog-home","category-senza-categoria","category-159","category-1","description-off"],"_links":{"self":[{"href":"https:\/\/www.afm.fe.it\/index.php?rest_route=\/wp\/v2\/posts\/11050","targetHints":{"allow":["GET"]}}],"collection":[{"href":"https:\/\/www.afm.fe.it\/index.php?rest_route=\/wp\/v2\/posts"}],"about":[{"href":"https:\/\/www.afm.fe.it\/index.php?rest_route=\/wp\/v2\/types\/post"}],"author":[{"embeddable":true,"href":"https:\/\/www.afm.fe.it\/index.php?rest_route=\/wp\/v2\/users\/7"}],"replies":[{"embeddable":true,"href":"https:\/\/www.afm.fe.it\/index.php?rest_route=%2Fwp%2Fv2%2Fcomments&post=11050"}],"version-history":[{"count":7,"href":"https:\/\/www.afm.fe.it\/index.php?rest_route=\/wp\/v2\/posts\/11050\/revisions"}],"predecessor-version":[{"id":11234,"href":"https:\/\/www.afm.fe.it\/index.php?rest_route=\/wp\/v2\/posts\/11050\/revisions\/11234"}],"wp:featuredmedia":[{"embeddable":true,"href":"https:\/\/www.afm.fe.it\/index.php?rest_route=\/wp\/v2\/media\/11049"}],"wp:attachment":[{"href":"https:\/\/www.afm.fe.it\/index.php?rest_route=%2Fwp%2Fv2%2Fmedia&parent=11050"}],"wp:term":[{"taxonomy":"category","embeddable":true,"href":"https:\/\/www.afm.fe.it\/index.php?rest_route=%2Fwp%2Fv2%2Fcategories&post=11050"},{"taxonomy":"post_tag","embeddable":true,"href":"https:\/\/www.afm.fe.it\/index.php?rest_route=%2Fwp%2Fv2%2Ftags&post=11050"}],"curies":[{"name":"wp","href":"https:\/\/api.w.org\/{rel}","templated":true}]}}