


{"id":11057,"date":"2024-04-04T14:07:28","date_gmt":"2024-04-04T12:07:28","guid":{"rendered":"https:\/\/www.afm.fe.it\/?p=11057"},"modified":"2024-06-03T09:27:48","modified_gmt":"2024-06-03T07:27:48","slug":"7-consigli-per-rimettere-in-forma-la-pelle","status":"publish","type":"post","link":"https:\/\/www.afm.fe.it\/?p=11057","title":{"rendered":"7 consigli per (ri)mettere in forma la pelle!"},"content":{"rendered":"<p>[vc_row][vc_column]<div id=\"ultimate-heading-878369f058602e6d5\" class=\"uvc-heading ult-adjust-bottom-margin ultimate-heading-878369f058602e6d5 uvc-6465  uvc-heading-default-font-sizes\" data-hspacer=\"no_spacer\"  data-halign=\"left\" style=\"text-align:left\"><div class=\"uvc-heading-spacer no_spacer\" style=\"top\"><\/div><div class=\"uvc-main-heading ult-responsive\"  data-ultimate-target='.uvc-heading.ultimate-heading-878369f058602e6d5 h2'  data-responsive-json-new='{\"font-size\":\"\",\"line-height\":\"\"}' ><h2 style=\"--font-weight:theme;\">7 Consigli per (ri)mettere in forma la pelle!<\/h2><\/div><\/div>[vc_empty_space height=&#8221;15px&#8221;][\/vc_column][\/vc_row][vc_row][vc_column][vc_column_text]<b>La stagione sta cambiando, e con lei le nostre necessit\u00e0. <\/b>Primavera e estate in arrivo, dunque cresce il desiderio di avere una pelle sana e in forma. Desideriamo ridurre gli inestetismi che ci portiamo dietro dal lungo inverno, e le abitudini di vita non troppo salutari che possono aver contribuito a crearli e amplificarli.<\/p>\n<p>Parliamo di <b>pelle a buccia d&#8217;arancia<\/b>, comunemente (e impropriamente) chiamata <b>cellulite<\/b>; si tratta di una vera e propria patologia che colpisce lo strato adiposo superficiale e si presenta in tre stadi, sempre pi\u00f9 gravi e difficili da trattare:<\/p>\n<ul>\n<li aria-level=\"1\"><b>Stadio I (fase edematosa)<\/b>: si verifica un accumulo di liquidi e la pelle risulta fredda al tatto, pastosa e a buccia d&#8217;arancia.<\/li>\n<li aria-level=\"1\"><b>Stadio II (fase fibrosa)<\/b>: compaiono piccoli noduli che causano avvallamenti sulla pelle, il colore diventa irregolare e si avverte dolore quando si preme sulla zona.<\/li>\n<li aria-level=\"1\"><b>Stadio III (fase sclerotica, di I e II grado)<\/b>: i noduli aumentano in numero e si evidenzia un&#8217;insufficienza di circolazione venosa e linfatica. La pelle assume un aspetto simile a un materasso.<\/li>\n<\/ul>\n<p>Oltre a essere antiestetici, cosa succede alle aree interessate da questi cambiamenti?<\/p>\n<p>Si verifica una riduzione progressiva del tono muscolare e una peggiorata circolazione del sangue nella zona. Ci\u00f2 comporta un&#8217;insufficiente apporto di ossigeno, nutrienti e ormoni ai tessuti colpiti, rendendoli meno responsivi ai trattamenti e alle restrizioni dietetiche.<\/p>\n<p>\u00c8 importante fare una distinzione tra la cellulite e l&#8217;adipe localizzato, che sono due condizioni fisiopatologicamente diverse.<\/p>\n<p>Ci sono diversi fattori che possono predisporre all&#8217;insorgenza della cellulite:<\/p>\n<ul>\n<li aria-level=\"1\">Fattori genetici<\/li>\n<li aria-level=\"1\">Alimentazione e costituzione (dieta ipercalorica, obesit\u00e0)<\/li>\n<li aria-level=\"1\">Terapie farmacologiche (ormonali, ecc&#8230;)<\/li>\n<li aria-level=\"1\">Problemi circolatori (insufficienza venosa e linfatica, fragilit\u00e0 capillare)<\/li>\n<li aria-level=\"1\">Idratazione insufficiente<\/li>\n<\/ul>\n<p>Le fasi I e II della cellulite possono essere trattate e invertite, intervenendo il prima possibile con un cambiamento delle abitudini di vita e trattamenti adeguati. Nel terzo stadio, il trattamento \u00e8 pi\u00f9 complesso e i risultati sono pi\u00f9 difficili da ottenere, poich\u00e9 la situazione \u00e8 spesso irreversibile.<\/p>\n<p><b>Ecco alcuni buoni consigli e raccomandazioni:<\/b><\/p>\n<ul>\n<li aria-level=\"1\">Seguire una <b>dieta<\/b> <b>ipocalorica<\/b> che favorisca il consumo di frutta e verdura, ricche di vitamine, sali minerali, fibre ed acqua. Soprattutto frutti con alto contenuto di potassio, come banana, kiwi, ribes, avocado, pistacchi non salati, e frutti ricchi di vitamina C e flavonoidi come agrumi, frutti rossi e mirtilli, che contrastano i radicali liberi, dannosi per la salute cellulare<\/li>\n<li aria-level=\"1\"><b>Ridurre il consumo di sale<\/b>, che favorisce la ritenzione dei liquidi e aumenta la pressione arteriosa.<\/li>\n<li aria-level=\"1\"><b>Bere almeno 2 litri di acqua <\/b>al di fuori dei pasti per garantire un corretto metabolismo delle cellule, una corretta diuresi e il conseguente smaltimento delle tossine, oltre a trasportare i nutrienti nel flusso sanguigno e alle cellule.<\/li>\n<li aria-level=\"1\"><b>Fare attivit\u00e0 fisica<\/b>, preferibilmente di tipo <b>aerobico<\/b>, a seconda delle proprie capacit\u00e0 e possibilit\u00e0. L&#8217;esercizio muscolare \u00e8 fondamentale per migliorare la circolazione sanguigna e il microcircolo, ossigenare i tessuti e mantenere un buon metabolismo basale, che aiuta il corpo a bruciare i nutrienti invece di immagazzinarli come grasso.<\/li>\n<\/ul>\n<p>Contemporaneamente, si pu\u00f2 considerare di intervenire con trattamenti specifici e mirati, come i numerosi prodotti disponibili in farmacia o seguendo i consigli del farmacista. \u00c8 possibile:<\/p>\n<ul>\n<li aria-level=\"1\">Agire dall&#8217;interno, integrando <b>principi attivi a base di erbe con azione drenante e protettiva dei capillari<\/b>, come centella asiatica, equiseto, vite rossa, bromelina (estratta dal gambo d&#8217;ananas) e ippocastano.<\/li>\n<li aria-level=\"1\">Agire dall&#8217;esterno, utilizzando <b>creme con azione lipolitica<\/b> contenenti sostanze come caffeina, fucus e drosera, oppure creme con azione antiedematosa contenenti centella asiatica, equiseto, vite rossa, bromelina e ippocastano.<\/li>\n<\/ul>\n<p>Tra i trattamenti che puoi effettuare in autonomia a casa, \u00e8 anche importante ricordare di utilizzare regolarmente uno scrub, che si \u00e8 dimostrato efficace nel favorire il rinnovamento cellulare e massimizza l&#8217;effetto dei trattamenti topici, contribuendo attivamente a combattere i sintomi della cellulite.<\/p>\n<p>Voglio concludere con pochi consigli, che ritengo fondamentali:<\/p>\n<ol>\n<li>Ridurre l&#8217;apporto calorico, soprattutto a cena, e iniziare la giornata con un prodotto drenante a stomaco vuoto.<\/li>\n<li>Preferire sport come il nuoto, poich\u00e9 l&#8217;assenza di gravit\u00e0 e il massaggio sulla pelle durante l&#8217;attivit\u00e0 lo rendono il pi\u00f9 efficace nel contrastare gli inestetismi della cellulite.<\/li>\n<li>Non fumare, poich\u00e9 il fumo riduce l&#8217;ossigenazione, ha effetti vasocostrittori periferici e peggiora l&#8217;aspetto della pelle.<\/li>\n<li>Ridurre il consumo di alcolici, poich\u00e9 l&#8217;alcol \u00e8 calorico e dilata i vasi sanguigni periferici, favorendo la ritenzione dei liquidi.<\/li>\n<li>Evitare l&#8217;uso abituale di tacchi alti o scarpe piatte e indossare abiti troppo stretti, poich\u00e9 ci\u00f2 pu\u00f2 peggiorare o ridurre la circolazione sanguigna e linfatica nelle zone colpite dalla cellulite.<\/li>\n<li>Prevenire o trattare la stitichezza, bevendo abbastanza acqua e seguendo una dieta ricca di fibre. Un colon con costipazione cronica o grave pu\u00f2 esercitare una pressione significativa sui vasi sanguigni circostanti, rallentando la circolazione del sangue e il ritorno venoso.<\/li>\n<li>Evitare di stare troppo tempo inattivi e sotto il sole, soprattutto nelle ore pi\u00f9 calde. Il calore ha un forte effetto vasodilatatore, che si traduce in una scarsa circolazione del sangue e nella ritenzione dei liquidi. Una passeggiata in acqua o una nuotata sono rimedi efficaci per abbassare la temperatura della pelle e riattivare la circolazione.<\/li>\n<\/ol>\n<p>Non mi resta che augurare a tutti una buonissima primavera e un altrettanto buonissima estate!<\/p>\n<p>&nbsp;<\/p>\n<p><strong>Dott.ssa Guerzoni Sara<br \/>\n<\/strong><\/p>\n<p><strong>Farmacista presso AFM Farmacie Comunali Ferrara<\/strong>[\/vc_column_text][\/vc_column][\/vc_row]<\/p>\n","protected":false},"excerpt":{"rendered":"<p>[vc_row][vc_column][vc_empty_space height=&#8221;15px&#8221;][\/vc_column][\/vc_row][vc_row][vc_column][vc_column_text]La stagione sta cambiando, e con lei le nostre necessit\u00e0. Primavera e estate in arrivo, dunque cresce il desiderio di avere una pelle sana e in forma. Desideriamo ridurre&hellip;<\/p>\n","protected":false},"author":7,"featured_media":11058,"comment_status":"closed","ping_status":"closed","sticky":false,"template":"","format":"standard","meta":[],"categories":[159],"tags":[],"class_list":["post-11057","post","type-post","status-publish","format-standard","has-post-thumbnail","hentry","category-blog-home","category-159","description-off"],"_links":{"self":[{"href":"https:\/\/www.afm.fe.it\/index.php?rest_route=\/wp\/v2\/posts\/11057","targetHints":{"allow":["GET"]}}],"collection":[{"href":"https:\/\/www.afm.fe.it\/index.php?rest_route=\/wp\/v2\/posts"}],"about":[{"href":"https:\/\/www.afm.fe.it\/index.php?rest_route=\/wp\/v2\/types\/post"}],"author":[{"embeddable":true,"href":"https:\/\/www.afm.fe.it\/index.php?rest_route=\/wp\/v2\/users\/7"}],"replies":[{"embeddable":true,"href":"https:\/\/www.afm.fe.it\/index.php?rest_route=%2Fwp%2Fv2%2Fcomments&post=11057"}],"version-history":[{"count":9,"href":"https:\/\/www.afm.fe.it\/index.php?rest_route=\/wp\/v2\/posts\/11057\/revisions"}],"predecessor-version":[{"id":11238,"href":"https:\/\/www.afm.fe.it\/index.php?rest_route=\/wp\/v2\/posts\/11057\/revisions\/11238"}],"wp:featuredmedia":[{"embeddable":true,"href":"https:\/\/www.afm.fe.it\/index.php?rest_route=\/wp\/v2\/media\/11058"}],"wp:attachment":[{"href":"https:\/\/www.afm.fe.it\/index.php?rest_route=%2Fwp%2Fv2%2Fmedia&parent=11057"}],"wp:term":[{"taxonomy":"category","embeddable":true,"href":"https:\/\/www.afm.fe.it\/index.php?rest_route=%2Fwp%2Fv2%2Fcategories&post=11057"},{"taxonomy":"post_tag","embeddable":true,"href":"https:\/\/www.afm.fe.it\/index.php?rest_route=%2Fwp%2Fv2%2Ftags&post=11057"}],"curies":[{"name":"wp","href":"https:\/\/api.w.org\/{rel}","templated":true}]}}