


{"id":11589,"date":"2024-11-11T10:01:50","date_gmt":"2024-11-11T09:01:50","guid":{"rendered":"https:\/\/www.afm.fe.it\/?p=11589"},"modified":"2024-11-11T10:15:07","modified_gmt":"2024-11-11T09:15:07","slug":"come-rallentare-i-segni-del-tempo-sulla-pelle-attraverso-la-nutrizione","status":"publish","type":"post","link":"https:\/\/www.afm.fe.it\/?p=11589","title":{"rendered":"Come rallentare i segni del tempo sulla pelle attraverso la nutrizione?"},"content":{"rendered":"<p>[vc_row][vc_column]<div id=\"ultimate-heading-799369f05a187756f\" class=\"uvc-heading ult-adjust-bottom-margin ultimate-heading-799369f05a187756f uvc-2444  uvc-heading-default-font-sizes\" data-hspacer=\"no_spacer\"  data-halign=\"left\" style=\"text-align:left\"><div class=\"uvc-heading-spacer no_spacer\" style=\"top\"><\/div><div class=\"uvc-main-heading ult-responsive\"  data-ultimate-target='.uvc-heading.ultimate-heading-799369f05a187756f h2'  data-responsive-json-new='{\"font-size\":\"\",\"line-height\":\"\"}' ><h2 style=\"--font-weight:theme;\">Come rallentare i segni del tempo sulla pelle attraverso la nutrizione?<\/h2><\/div><\/div>[vc_empty_space el_id=&#8221;15&#8243;][vc_column_text]Contrastare o rallentare efficacemente l&#8217;invecchiamento della pelle richiede interventi che agiscano in profondit\u00e0. Uno tra i principali responsabili dell\u2019invecchiamento cutaneo \u00e8 l\u2019eccesso di radicali liberi, molecole altamente instabili che cercano di tornare in equilibrio sottraendo l\u2019elettrone mancante a cellule vicine, innescando reazioni a catena che portano all\u2019invecchiamento precoce dei tessuti.<\/p>\n<p>Il fenomeno dello stress ossidativo, causato da un aumento dei radicali liberi o da una riduzione della protezione antiossidante, accelera l&#8217;invecchiamento cellulare della pelle.<\/p>\n<p>Sebbene creme e trattamenti di medicina estetica possano offrire un aiuto esterno, \u00e8 attraverso una nutrizione mirata che possiamo curare la nostra pelle quotidianamente dall&#8217;interno.<\/p>\n<p>Riconoscere questi meccanismi e utilizzare il cibo come \u201cmedicina\u201d e come alleato per contrastarli, permette alla nostra pelle di rigenerarsi dall\u2019interno, in modo continuo ed efficace.<\/p>\n<p>Ecco alcuni consigli su come nutrire la pelle attraverso l&#8217;alimentazione:<\/p>\n<ul>\n<li aria-level=\"1\"><b>Vitamine e Antiossidanti<\/b>: Integra nella tua dieta alimenti ricchi di vitamine e antiossidanti, come frutta e verdura fresca, che aiutano a combattere l&#8217;invecchiamento.<\/li>\n<li aria-level=\"1\"><b>Carboidrati complessi e integrali<\/b>: Preferisci questi nutrienti rispetto agli zuccheri semplici, che accelerano i processi di glicazione e la formazione di rughe.<\/li>\n<li aria-level=\"1\"><b>Grassi &#8220;buoni&#8221;<\/b>: Includi nella tua dieta fonti di omega-3 e omega-6, come pesce, frutta secca e oli di semi, che contribuiscono a mantenere l&#8217;idratazione e l&#8217;elasticit\u00e0 della pelle.<\/li>\n<li aria-level=\"1\"><b>Cotture mirate e alimenti stagionali<\/b>: Preserva, durante le preparazioni, vitamine e sostanze bioattive, in alimenti freschi come frutta e verdura, da scegliere tra quelle di stagione per beneficiare del massimo contenuto anche in minerali.<\/li>\n<\/ul>\n<p>&nbsp;<\/p>\n<h2><b>La Potenza delle Combinazioni<\/b><\/h2>\n<p>La combinazione di vitamina E (presente in oli vegetali, frutta secca, avocado, soia, spinaci, carne, uova e salmone) e vitamina C (trovata in agrumi, kiwi e altre verdure) \u00e8 particolarmente efficace. La vitamina C aiuta a riattivare la vitamina E, creando una difesa antiossidante potente contro i radicali liberi.<\/p>\n<p>&nbsp;<\/p>\n<h2><b>La Tradizione Incontra il Benessere in cucina<\/b><\/h2>\n<p>La miglior cura inizia dalla tavola, e dalla nostra dieta mediterranea in continua evoluzione. La tradizione italiana garantisce benessere antiaging, attraverso una dieta varia che favorisca l\u2019apporto di tutti i nutrienti necessari. Imparare a cucinare preservando il valore nutrizionale degli alimenti \u00e8 essenziale per massimizzare la loro biodisponibilit\u00e0 e combattere l&#8217;invecchiamento.<\/p>\n<p>Via libera dunque ai piatti della nostra tradizione, anche se riformulati per un minor apporto calorico, ma con tante vitamine, ed antiossidanti in pi\u00f9. Una pelle sana \u00e8 indice di benessere. Ricorda: mantenere la pelle sana non solo ti fa sentire bene ma \u00e8 anche un segno di un benessere interno profondo. Evita di cercare soluzioni complesse e poco pratiche; piuttosto, concentra i tuoi sforzi su un&#8217;azione quotidiana fondamentale come l&#8217;alimentazione.<\/p>\n<p>&nbsp;<\/p>\n<p><strong>Dott.ssa Betti Monica<\/strong><br \/>\n<strong>Biologa specializzata in Nutrizione Culinaria<br \/>\nPorta Mare Servizi \u2013 Farmacia n. 1 Porta Mare<\/strong>[\/vc_column_text][\/vc_column][\/vc_row]<\/p>\n","protected":false},"excerpt":{"rendered":"<p>[vc_row][vc_column][vc_empty_space el_id=&#8221;15&#8243;][vc_column_text]Contrastare o rallentare efficacemente l&#8217;invecchiamento della pelle richiede interventi che agiscano in profondit\u00e0. Uno tra i principali responsabili dell\u2019invecchiamento cutaneo \u00e8 l\u2019eccesso di radicali liberi, molecole altamente instabili che&hellip;<\/p>\n","protected":false},"author":7,"featured_media":11586,"comment_status":"closed","ping_status":"closed","sticky":false,"template":"","format":"standard","meta":[],"categories":[159],"tags":[],"class_list":["post-11589","post","type-post","status-publish","format-standard","has-post-thumbnail","hentry","category-blog-home","category-159","description-off"],"_links":{"self":[{"href":"https:\/\/www.afm.fe.it\/index.php?rest_route=\/wp\/v2\/posts\/11589","targetHints":{"allow":["GET"]}}],"collection":[{"href":"https:\/\/www.afm.fe.it\/index.php?rest_route=\/wp\/v2\/posts"}],"about":[{"href":"https:\/\/www.afm.fe.it\/index.php?rest_route=\/wp\/v2\/types\/post"}],"author":[{"embeddable":true,"href":"https:\/\/www.afm.fe.it\/index.php?rest_route=\/wp\/v2\/users\/7"}],"replies":[{"embeddable":true,"href":"https:\/\/www.afm.fe.it\/index.php?rest_route=%2Fwp%2Fv2%2Fcomments&post=11589"}],"version-history":[{"count":3,"href":"https:\/\/www.afm.fe.it\/index.php?rest_route=\/wp\/v2\/posts\/11589\/revisions"}],"predecessor-version":[{"id":11592,"href":"https:\/\/www.afm.fe.it\/index.php?rest_route=\/wp\/v2\/posts\/11589\/revisions\/11592"}],"wp:featuredmedia":[{"embeddable":true,"href":"https:\/\/www.afm.fe.it\/index.php?rest_route=\/wp\/v2\/media\/11586"}],"wp:attachment":[{"href":"https:\/\/www.afm.fe.it\/index.php?rest_route=%2Fwp%2Fv2%2Fmedia&parent=11589"}],"wp:term":[{"taxonomy":"category","embeddable":true,"href":"https:\/\/www.afm.fe.it\/index.php?rest_route=%2Fwp%2Fv2%2Fcategories&post=11589"},{"taxonomy":"post_tag","embeddable":true,"href":"https:\/\/www.afm.fe.it\/index.php?rest_route=%2Fwp%2Fv2%2Ftags&post=11589"}],"curies":[{"name":"wp","href":"https:\/\/api.w.org\/{rel}","templated":true}]}}