


{"id":11667,"date":"2025-01-28T15:12:28","date_gmt":"2025-01-28T14:12:28","guid":{"rendered":"https:\/\/www.afm.fe.it\/?p=11667"},"modified":"2025-01-28T15:19:12","modified_gmt":"2025-01-28T14:19:12","slug":"giornata-mondiale-contro-il-cancro-il-farmacista-al-tuo-fianco","status":"publish","type":"post","link":"https:\/\/www.afm.fe.it\/?p=11667","title":{"rendered":"Giornata mondiale contro il cancro: il Farmacista al tuo fianco."},"content":{"rendered":"<p>[vc_row][vc_column]<div id=\"ultimate-heading-264969f059c7f03f8\" class=\"uvc-heading ult-adjust-bottom-margin ultimate-heading-264969f059c7f03f8 uvc-8010  uvc-heading-default-font-sizes\" data-hspacer=\"no_spacer\"  data-halign=\"left\" style=\"text-align:left\"><div class=\"uvc-heading-spacer no_spacer\" style=\"top\"><\/div><div class=\"uvc-main-heading ult-responsive\"  data-ultimate-target='.uvc-heading.ultimate-heading-264969f059c7f03f8 h2'  data-responsive-json-new='{\"font-size\":\"\",\"line-height\":\"\"}' ><h2 style=\"--font-weight:theme;\">Giornata mondiale contro il cancro: il Farmacista al tuo finaco.<\/h2><\/div><\/div>[vc_empty_space height=&#8221;15px&#8221;][vc_column_text]Benvenuti cari lettori, come ogni anno il 4 febbraio in tutto il mondo si celebra la Giornata Mondiale Contro il Cancro, momento di fondamentale importanza per sensibilizzare tutti alla prevenzione, alla diagnosi precoce e riflettere sull\u2019impatto che il cancro inevitabilmente determina nella vita di chi ha la sfortuna di incontrarlo.<\/p>\n<p>Questa giornata, istituita dalla Union International Cancer Control, ha l\u2019obiettivo di promuovere iniziative volte a migliorare la qualit\u00e0 della vita dei malati e di chi li accompagna nel complesso percorso.\u00a0 \u00c8 anche un&#8217;occasione per riflettere sui progressi della ricerca scientifica e sui risultati ottenuti grazie ai programmi di prevenzione.<\/p>\n<p>&nbsp;<\/p>\n<h2><b>Il tema del 2025: &#8220;Uniti insieme&#8221;<\/b><\/h2>\n<p>Il tema di quest\u2019anno \u00e8 racchiuso in una semplice e chiara definizione dalle mille sfaccettature, \u2018UNITI INSIEME\u2019, a voler sottolineare l\u2019unicit\u00e0 della persona e della sua malattia, ma anche l&#8217;universalit\u00e0 della diagnosi, un\u2019esperienza comune a molti. Il cancro pu\u00f2 sconvolgere la vita, ma il modo in cui viene vissuto e affrontato \u00e8 strettamente individuale. La medicina moderna, fortunatamente, tiene sempre pi\u00f9 conto di questa unicit\u00e0, adottando un approccio <b>olistico<\/b> che considera non solo la malattia, ma anche l&#8217;aspetto psicologico del paziente e il supporto a chi lo assiste, in questo percorso, spesso lungo e impegnativo.<\/p>\n<p>&nbsp;<\/p>\n<h2><b>Prevenzione e diagnosi precoce<\/b><\/h2>\n<p>Quando si affronta il tema della malattia oncologica, non si pu\u00f2 non partire dalla prevenzione, che pu\u00f2 efficacemente essere fatta attraverso l\u2019adozione di un corretto stile di vita fin da giovanissimi, ma oggi anche grazie ai numerosi programmi di screening messi a disposizione dal Servizio Sanitario Nazionale; questi permettono di individuare un tumore nelle sue primissime fasi, aumentando in modo davvero significativo la percentuale di guarigione, di decorsi pi\u00f9 brevi, di consentire terapie di minor impatto sull\u2019organismo e maggiormente efficaci, quindi, di <b>diminuire l\u2019impatto della malattia oncologica sulla propria qualit\u00e0 di vita e migliorare la prognosi<\/b> (che tradotto significa salvare la vita alle persone!).<\/p>\n<p>\u00c8 fondamentale rispondere agli inviti che ci vengono rivolti dalle nostre Asl, come quello relativo allo screening del tumore del colon-retto che invita tutti coloro di et\u00e0 compresa tra i 50-69 anni ad effettuare la ricerca del sangue occulto nelle feci (RSO). Grande e importante novit\u00e0 di questo 2025 \u00e8 la graduale estensione dell\u2019invito fino al 74esimo anno di et\u00e0.<\/p>\n<p>Ricordiamo poi il programma della diagnosi precoce per i tumori della mammella che prevede l\u2019invito, attivo anche tramite fascicolo sanitario elettronico, a sottoporsi alla mammografia di controllo, una volta l\u2019anno per le donne dai 45 ai 49 anni e ogni 2 anni per le donne dai 50 ai 74.<\/p>\n<p><b>\u00c8 bene ricordare che questi esami siano completamente gratuiti, non necessitino di prescrizione medica<\/b> e siano rivolti sia alle residenti che alle domiciliate sul territorio, con qualche possibile differenza tra le diverse regioni.<\/p>\n<p>Per quanto riguarda, invece i tumori del collo dell\u2019utero, vengono proposti Pap test gratuiti ogni 3 anni per le donne dai 25- 29 anni e ogni 5 anni per le donne di et\u00e0 compresa tra 30-64 anni.<\/p>\n<p>Infine, lo screening dell\u2019Hpv test ogni 5 anni per le donne di et\u00e0 compresa tra 30-64, che permette di individuare eventuali infezioni sostenute da alcuni ceppi di Papilloma virus, responsabili di lesioni precancerose, consentendo cos\u00ec di intervenire prima che le cellule uterine passino dalla forma precancerosa a quella maligna conclamata.<\/p>\n<p>Gli screening oncologici su piano nazionale riguardano i tumori che colpiscono ogni anno la popolazione in maggior percentuale. Tra le nuove diagnosi, il tumore alla mammella nella donna, della prostata nell\u2019uomo, il tumore colon -retto, tumore del polmone, tumore della vescica, melanoma e tumore della tiroide (soprattutto nelle donne).<\/p>\n<p>I dati contenuti nei Registri Tumori italiani ci indicano un costante aumento del numero di persone che vivono dopo una diagnosi di tumore, e dimostrano anche che la met\u00e0 delle persone che si ammalano di tale malattia nel 2024 \u00e8 destinata a guarire, avendo la stessa attesa di vita di chi non si \u00e8 ammalato.<\/p>\n<p>Un panorama molto confortante sostenuto dalla continua ricerca e dalle tecnologie sempre pi\u00f9 sofisticate: in questi decenni, il progresso ha permesso di sviluppare tecniche chirurgiche sempre meno invasive, in grado di ridurre l\u2019ospedalizzazione del paziente, consentendo un recupero funzionale pi\u00f9 rapido ed una migliore predisposizione fisica alle eventuali terapie post-operatorie; ha consentito anche terapie sempre pi\u00f9 personalizzate e cucite su misura su ogni singolo individuo che, a seconda del tipo di diagnosi, vanno dalla radioterapia, chemioterapia, terapie ormonali (nelle patologie ormoni -responsive), alle terapie biologiche e all\u2019immunoterapia, e possono essere utilizzate sia singolarmente, che in combinazione.<\/p>\n<p>Esistono effetti collaterali prodotti da queste terapie, che rappresentano ancora un problema: l\u2019equipe oncologica supporta il paziente anche nella gestione di queste manifestazioni. La radioterapia, per esempio, ha effetti collaterali che possono essere acuti e reversibili entro poche<\/p>\n<p>settimane dalla fine della terapia (riguardano cellule ad alto turnover come quelle cutanee e delle mucose e si manifestano ad esempio con radiodermiti, ustioni, eritemi etc.), oppure effetti tardivi che si potrebbero manifestare dopo mesi o anni e sono permanenti (ad es. neuropatie, cardiopatie, fibrosi di tessuti etc.)<\/p>\n<p>La Chemioterapia, invece, \u00e8 un trattamento costituito da cicli da uno o pi\u00f9 giorni, in cui le sedute farmacologiche si intervallano a periodi di pausa. Il numero dei cicli varia in base alla patologia trattata ed alla tollerabilit\u00e0 del paziente alla terapia. Solitamente, per ridurre effetti collaterali come vomito, diarrea, stomatite, astenia etc. vengono fatti trattamenti complementari che permettano di affrontare al meglio il percorso di cura.<\/p>\n<p>Un approccio di ultima generazione \u00e8 quello di preparare il fisico a ricevere queste terapie per permettere al corpo di poterle tollerare meglio, e avere minore insorgenza di alcuni effetti collaterali. Un buon esempio \u00e8 dato dal supporto dei probiotici, tenuto conto del ruolo protettivo e di barriera che rivesta la mucosa intestinale. L\u2019utilizzo di integratori probiotici &#8211; prima e tra un ciclo di terapia e l\u2019altro &#8211; permette di ottenere notevoli vantaggi, tra i quali la riduzione dei batteri patogeni come i Clostridi e L\u2019E. Coli,la regressione della flora fungina, che, di conseguenza, riduce l\u2019insorgenza di micosi del cavo orale e dell\u2019apparato digerente, la riduzione della diarrea, e la stimolazione della difesa immunitaria legata all\u2019integrit\u00e0 della mucosa intestinale.<\/p>\n<p>&nbsp;<\/p>\n<h2><b>La cura della pelle<\/b><\/h2>\n<p>Quando si comincia un percorso oncologico, quello che pi\u00f9 spaventa nell\u2019immaginario collettivo \u00e8 l\u2019inevitabile cambiamento del proprio aspetto, il non riuscire a \u201criconoscersi\u201d nei propri tratti distintivi; senza dubbio una fonte di grande stress e sofferenza. Uno degli organi pi\u00f9 colpiti \u00e8 in effetti la <b>pelle<\/b>. Esiste infatti, un continuo scambio di informazioni ed emozioni tra pelle e cervello, nonch\u00e9 tra cervello ed altri organi, come l\u2019apparato digerente ed il sistema immunitario: lo scambio di informazioni \u00e8 bi-direzionale, significa che anche la pelle sia in grado di dare stimoli ed informazioni che potranno avere una valenza nella salute generale del corpo.<\/p>\n<p>Ad oggi quindi nelle terapie oncologiche viene ricompresa la cura di s\u00e9 come approccio che contribuisce positivamente alla riuscita della terapia. Per la pelle di un\/una paziente con una malattia oncologica ci sar\u00e0 un \u201cieri, oggi, domani\u201d da prendere in considerazione nella routine cosmetica.<\/p>\n<p>In terapia, e possibilmente anche successivamente, la <b>detergenza<\/b> <b>quotidiana<\/b> di viso e corpo necessita di prodotti con tensioattivi delicati e privi di profumo.<\/p>\n<p>Per mantenere in salute la barriera cutanea fragilizzata a causa delle terapie, \u00e8 fondamentale l\u2019applicazione di creme idratanti e ricostituenti, con un massaggio delicato.<\/p>\n<p>Le zone in cui la pelle ha un minor spessore (contorno occhi, collo) richiedono maggiore attenzione; scrub e peeling avranno il \u2018semaforo rosso\u2019 durante la terapia, e saranno eventualmente introducibili con gradualit\u00e0 nel momento libero da chemioterapici.<\/p>\n<p>La scelta dei prodotti va sempre condotta con attenzione e con il supporto della figura di un farmacista specializzato in dermocosmesi, dove non sia presente una situazione patologica.<\/p>\n<p>La cura dell\u2019immagine si potr\u00e0 continuare con un <b>make-up personalizzato<\/b>, con prodotti senza profumo, testati al nickel ed ai metalli pesanti, e dermatologicamente testati. Si consiglia l\u2019applicazione con le mani pulite e\/o con pennelli ad hoc che offriranno un risultato estetico perfetto. I pennelli andranno puliti con acqua tiepida e sapone neutro almeno una volta ogni 7\/10 giorni per evitare contaminazione microbica.<\/p>\n<p>Oggi, l\u2019evoluzione dell\u2019attivit\u00e0 della farmacia tiene conto di queste importanti esigenze alle quali risponde con un migliore assortimento di prodotti, l\u2019offerta di servizi specifici e personalizzati al paziente, personale specializzato e linee cosmetiche dermatologiche scelte con cura; un punto di riferimento, spesso proprio sotto casa.<\/p>\n<p>&nbsp;<\/p>\n<h2><b>Affidarsi sempre al medico<\/b><\/h2>\n<p>Pu\u00f2 capitare che le persone affette da tumore vengano attratte da prodotti che promettono risultati \u201cmiracolosi\u201d, relativamente agli effetti collaterali delle terapie oncologiche &#8211; quali stanchezza, perdita di appetito, di tono e di energie vitali -, durante il loro percorso relativo ai trattamenti chemioterapici e non solo, fortemente debilitanti.<\/p>\n<p>Comprendendo comunque le pi\u00f9 che legittime aspettative dei pazienti, non possiamo non raccomandare una certa cautela e prudenza riguardo al \u201cfai da te\u201d. Spesso, infatti, si crede erroneamente che integratori o altri prodotti di origine naturale siano innocui e che, nella peggiore delle ipotesi \u201cnon facciano niente, ma nemmeno male\u201d. La scelta di assumere prodotti di questo tipo va sempre concordata col proprio oncologo, o il proprio medico curante, che conosce a fondo la storia clinica ed \u00e8 l\u2019unico in grado di consigliare al meglio. A puro titolo di esempio, ricordiamo che esistono tantissimi prodotti naturali, fitoterapici, a cui bisogna prestare molta attenzione per via di possibili interazioni e conseguente riduzione dell\u2019efficacia della terapia in corso; tra i pi\u00f9 noti troviamo quelli che riguardano prodotti a base di isoflavoni di soia, i quali, presentando un\u2019attivit\u00e0 estrogenico-simile tendono a contrastare l\u2019effetto di certi farmaci usati nel trattamento del carcinoma mammario. In virt\u00f9 dei loro effetti antiossidanti, anche l\u2019uso di CoQ10, VIT B6, GLUTATIONE, VIT E, contenuti in molti fitoterapici utilizzati per contrastare astenia e affaticamento, possono ridurre l\u2019efficacia di alcuni farmaci che devono la loro azione proprio alla formazione di radicali liberi dell\u2019ossigeno che danneggiano la cellula tumorale. Ci sono sicuramente approcci pi\u00f9 sicuri per mettere il nostro corpo e la nostra mente nelle condizioni migliori per affrontare i difficili passaggi della malattia e terapia oncologica. Senza entrare nel merito, ci limitiamo semplicemente a ribadire la necessit\u00e0 di affidarsi al proprio medico e a conservare quei momenti che aiutano il nostro corpo e la nostra mente a riappropriarsi delle proprie sensazioni positive; la meditazione, lo yoga, lunghe passeggiate e, pi\u00f9 in generale, il movimento sono attivit\u00e0 sicuramente efficaci anche nei confronti dell\u2019affaticamento cronico, la stanchezza e per contrastare lo stato infiammatorio che si genera in queste situazioni.<\/p>\n<p>Concludendo, vogliamo ricordare una frase che da Farmaciste abbiamo ritenuto possa descrivere appieno il cammino delle persone che stanno affrontando una malattia oncologica: <b>\u2018La tua malattia non ti definisce. La forza e il coraggio s\u00ec\u2019.<\/b><\/p>\n<p>&nbsp;<\/p>\n<p><strong>Dott.sse Borgatti Beatrice, Cecere Nicoletta e Guerzoni Sara<\/strong><\/p>\n<p><strong>Farmaciste presso AFM Farmacie Comunali Ferrara<\/strong>[\/vc_column_text][\/vc_column][\/vc_row]<\/p>\n","protected":false},"excerpt":{"rendered":"<p>[vc_row][vc_column][vc_empty_space height=&#8221;15px&#8221;][vc_column_text]Benvenuti cari lettori, come ogni anno il 4 febbraio in tutto il mondo si celebra la Giornata Mondiale Contro il Cancro, momento di fondamentale importanza per sensibilizzare tutti alla&hellip;<\/p>\n","protected":false},"author":7,"featured_media":11668,"comment_status":"closed","ping_status":"closed","sticky":false,"template":"","format":"standard","meta":[],"categories":[159],"tags":[],"class_list":["post-11667","post","type-post","status-publish","format-standard","has-post-thumbnail","hentry","category-blog-home","category-159","description-off"],"_links":{"self":[{"href":"https:\/\/www.afm.fe.it\/index.php?rest_route=\/wp\/v2\/posts\/11667","targetHints":{"allow":["GET"]}}],"collection":[{"href":"https:\/\/www.afm.fe.it\/index.php?rest_route=\/wp\/v2\/posts"}],"about":[{"href":"https:\/\/www.afm.fe.it\/index.php?rest_route=\/wp\/v2\/types\/post"}],"author":[{"embeddable":true,"href":"https:\/\/www.afm.fe.it\/index.php?rest_route=\/wp\/v2\/users\/7"}],"replies":[{"embeddable":true,"href":"https:\/\/www.afm.fe.it\/index.php?rest_route=%2Fwp%2Fv2%2Fcomments&post=11667"}],"version-history":[{"count":4,"href":"https:\/\/www.afm.fe.it\/index.php?rest_route=\/wp\/v2\/posts\/11667\/revisions"}],"predecessor-version":[{"id":11672,"href":"https:\/\/www.afm.fe.it\/index.php?rest_route=\/wp\/v2\/posts\/11667\/revisions\/11672"}],"wp:featuredmedia":[{"embeddable":true,"href":"https:\/\/www.afm.fe.it\/index.php?rest_route=\/wp\/v2\/media\/11668"}],"wp:attachment":[{"href":"https:\/\/www.afm.fe.it\/index.php?rest_route=%2Fwp%2Fv2%2Fmedia&parent=11667"}],"wp:term":[{"taxonomy":"category","embeddable":true,"href":"https:\/\/www.afm.fe.it\/index.php?rest_route=%2Fwp%2Fv2%2Fcategories&post=11667"},{"taxonomy":"post_tag","embeddable":true,"href":"https:\/\/www.afm.fe.it\/index.php?rest_route=%2Fwp%2Fv2%2Ftags&post=11667"}],"curies":[{"name":"wp","href":"https:\/\/api.w.org\/{rel}","templated":true}]}}