


{"id":11773,"date":"2025-03-20T10:59:36","date_gmt":"2025-03-20T09:59:36","guid":{"rendered":"https:\/\/www.afm.fe.it\/?p=11773"},"modified":"2025-03-20T11:03:18","modified_gmt":"2025-03-20T10:03:18","slug":"5-benefici-per-tutti-delle-cure-inalatorie","status":"publish","type":"post","link":"https:\/\/www.afm.fe.it\/?p=11773","title":{"rendered":"5 benefici (per tutti) delle cure inalatorie!"},"content":{"rendered":"<p>[vc_row][vc_column]<div id=\"ultimate-heading-232269f059ca18897\" class=\"uvc-heading ult-adjust-bottom-margin ultimate-heading-232269f059ca18897 uvc-8647  uvc-heading-default-font-sizes\" data-hspacer=\"no_spacer\"  data-halign=\"left\" style=\"text-align:left\"><div class=\"uvc-heading-spacer no_spacer\" style=\"top\"><\/div><div class=\"uvc-main-heading ult-responsive\"  data-ultimate-target='.uvc-heading.ultimate-heading-232269f059ca18897 h2'  data-responsive-json-new='{\"font-size\":\"\",\"line-height\":\"\"}' ><h2 style=\"--font-weight:theme;\">5 benefici (per tutti) delle cure inalatorie!<\/h2><\/div><\/div>[vc_empty_space height=&#8221;15px&#8221;][vc_column_text]Siamo abituati a pensare all&#8217;<i>aerosol<\/i> come un alleato nei momenti di raffreddore, tosse o influenza, o come una cura necessaria quando si hanno particolari problematiche all\u2019apparato respiratorio. In realt\u00e0 si tratta di una semplice pratica che pu\u00f2 portare benefici anche a chi non soffre di patologie specifiche. Al Centro di Aerosolterapia delle Farmacie Comunali di Ferrara, sempre pi\u00f9 persone scelgono di prendersi cura delle proprie vie respiratorie con sedute regolari, scoprendo quanto possa migliorare la loro qualit\u00e0 di vita.<\/p>\n<p>Vediamo insieme 5 benefici dell&#8217;aerosolterapia che forse non conoscevi:<\/p>\n<ol>\n<li aria-level=\"1\"><b>Respirare meglio, ogni giorno<\/b><br \/>\nAnche se non hai patologie respiratorie, le vie aeree possono essere messe a dura prova da smog, polveri sottili e aria secca, soprattutto durante i mesi invernali o nelle citt\u00e0 trafficate. Le cure inalatorie aiutano a mantenere le mucose idratate e libere, migliorando la respirazione quotidiana e regalando quella sensazione di respiro libero e profondo. Chi fa sport, ad esempio, siamo sicuri percepir\u00e0 con chiarezza la differenza durante i suoi allenamenti.<\/li>\n<li aria-level=\"1\"><b>Prevenzione naturale<\/b><br \/>\nFare inalazioni a base di soluzioni saline o acque termali aiuta a pulire le vie respiratorie, riducendo il rischio di infezioni e infiammazioni.\u00a0 \u00c8 un po\u2019 come fare una doccia interna alle vie respiratorie: rimuove le impurit\u00e0 e aiuta il corpo a difendersi meglio dagli agenti esterni.<\/li>\n<li aria-level=\"1\"><b>Maggiore energia e vitalit\u00e0<\/b><br \/>\nRespirare bene significa ossigenare meglio tutto il corpo, migliorando la concentrazione e la sensazione generale di benessere, oltre alle gi\u00e0 citate performance sportive. Quando le vie respiratorie sono libere, il nostro organismo lavora meglio e ci sentiamo pi\u00f9 attivi e pieni di energia.<\/li>\n<li aria-level=\"1\"><b>Recupero pi\u00f9 rapido dopo raffreddori e malanni di stagione<\/b><br \/>\nCapita anche ai pi\u00f9 stoici di avere piccoli malanni di stagione; un fastidioso raffreddorino \u00e8 molto comune. Le cure inalatorie aiutano a liberare pi\u00f9 velocemente le vie respiratorie e a ridurre i tempi di recupero, permettendoti di tornare in forma pi\u00f9 rapidamente.<\/li>\n<li aria-level=\"1\"><b>Un gesto semplice per volersi bene<\/b><br \/>\nInserire le cure inalatorie nella propria routine di benessere \u00e8 un modo per dedicarsi del tempo e ascoltare il proprio corpo. Bastano pochi minuti per sentire i benefici e migliorare la propria respirazione, contribuendo al proprio equilibrio e alla salute generale.<\/li>\n<\/ol>\n<p>Vuoi scoprire di pi\u00f9 sull&#8217;aerosolterapia e provare i benefici di cui abbiamo parlato? Passa a trovarci al Centro di Aerosolterapia delle Farmacie Comunali di Ferrara in Viale Krasnodar 25: ti aspettiamo per aiutarti a respirare meglio, ogni giorno!<\/p>\n<p>&nbsp;<\/p>\n<p><strong>AFM Farmacie Comunali Ferrara<\/strong>[\/vc_column_text][\/vc_column][\/vc_row]<\/p>\n","protected":false},"excerpt":{"rendered":"<p>[vc_row][vc_column][vc_empty_space height=&#8221;15px&#8221;][vc_column_text]Siamo abituati a pensare all&#8217;aerosol come un alleato nei momenti di raffreddore, tosse o influenza, o come una cura necessaria quando si hanno particolari problematiche all\u2019apparato respiratorio. In realt\u00e0&hellip;<\/p>\n","protected":false},"author":7,"featured_media":11774,"comment_status":"closed","ping_status":"closed","sticky":false,"template":"","format":"standard","meta":[],"categories":[159],"tags":[],"class_list":["post-11773","post","type-post","status-publish","format-standard","has-post-thumbnail","hentry","category-blog-home","category-159","description-off"],"_links":{"self":[{"href":"https:\/\/www.afm.fe.it\/index.php?rest_route=\/wp\/v2\/posts\/11773","targetHints":{"allow":["GET"]}}],"collection":[{"href":"https:\/\/www.afm.fe.it\/index.php?rest_route=\/wp\/v2\/posts"}],"about":[{"href":"https:\/\/www.afm.fe.it\/index.php?rest_route=\/wp\/v2\/types\/post"}],"author":[{"embeddable":true,"href":"https:\/\/www.afm.fe.it\/index.php?rest_route=\/wp\/v2\/users\/7"}],"replies":[{"embeddable":true,"href":"https:\/\/www.afm.fe.it\/index.php?rest_route=%2Fwp%2Fv2%2Fcomments&post=11773"}],"version-history":[{"count":3,"href":"https:\/\/www.afm.fe.it\/index.php?rest_route=\/wp\/v2\/posts\/11773\/revisions"}],"predecessor-version":[{"id":11777,"href":"https:\/\/www.afm.fe.it\/index.php?rest_route=\/wp\/v2\/posts\/11773\/revisions\/11777"}],"wp:featuredmedia":[{"embeddable":true,"href":"https:\/\/www.afm.fe.it\/index.php?rest_route=\/wp\/v2\/media\/11774"}],"wp:attachment":[{"href":"https:\/\/www.afm.fe.it\/index.php?rest_route=%2Fwp%2Fv2%2Fmedia&parent=11773"}],"wp:term":[{"taxonomy":"category","embeddable":true,"href":"https:\/\/www.afm.fe.it\/index.php?rest_route=%2Fwp%2Fv2%2Fcategories&post=11773"},{"taxonomy":"post_tag","embeddable":true,"href":"https:\/\/www.afm.fe.it\/index.php?rest_route=%2Fwp%2Fv2%2Ftags&post=11773"}],"curies":[{"name":"wp","href":"https:\/\/api.w.org\/{rel}","templated":true}]}}