


{"id":11786,"date":"2025-05-09T09:34:50","date_gmt":"2025-05-09T07:34:50","guid":{"rendered":"https:\/\/www.afm.fe.it\/?p=11786"},"modified":"2025-05-09T09:38:54","modified_gmt":"2025-05-09T07:38:54","slug":"occhi-che-bruciano-lacrimano-o-prudono-potrebbero-non-essere-solo-allergie","status":"publish","type":"post","link":"https:\/\/www.afm.fe.it\/?p=11786","title":{"rendered":"Occhi che bruciano, lacrimano o prudono? Potrebbero non essere solo allergie!"},"content":{"rendered":"<p>[vc_row][vc_column]<div id=\"ultimate-heading-739569f05988809de\" class=\"uvc-heading ult-adjust-bottom-margin ultimate-heading-739569f05988809de uvc-397  uvc-heading-default-font-sizes\" data-hspacer=\"no_spacer\"  data-halign=\"left\" style=\"text-align:left\"><div class=\"uvc-heading-spacer no_spacer\" style=\"top\"><\/div><div class=\"uvc-main-heading ult-responsive\"  data-ultimate-target='.uvc-heading.ultimate-heading-739569f05988809de h2'  data-responsive-json-new='{\"font-size\":\"\",\"line-height\":\"\"}' ><h2 style=\"--font-weight:theme;\">Occhi che bruciano, lacrimano o prudono? Potrebbero non essere solo allergie!<\/h2><\/div><\/div>[vc_empty_space height=&#8221;15px&#8221;][vc_column_text]Con l\u2019arrivo della primavera, la natura si risveglia e\u2026 purtroppo anche le allergie! Chi ne soffre, lo sa &#8211; ed \u00e8 quasi un italiano su tre -: pollini e polveri possono diventare fastidiosi nemici, soprattutto per i nostri occhi. Per chi \u00e8 predisposto, dunque, la primavera libera una vera e propria &#8220;tempesta&#8221; di allergeni, sia all&#8217;aperto che in casa.<\/p>\n<p>Prurito, bruciore, occhi arrossati o che lacrimano continuamente, sono sintomi molto comuni in questa stagione; ma non \u00e8 detto che si tratti sempre di una semplice allergia. In tanti, infatti, confondono le manifestazioni allergiche con un altro disturbo altrettanto diffuso: <b>l\u2019occhio secco<\/b>.<\/p>\n<p>&nbsp;<\/p>\n<h2><b>Allergia o occhio secco? Impariamo a distinguerli<\/b><\/h2>\n<p>Quando iniziamo a sentire fastidio agli occhi, in concomitanza con la bella stagione, spesso il primo pensiero \u00e8 quello dell\u2019allergia.\u00a0 In realt\u00e0, i sintomi oculari possono avere diverse cause, e una delle pi\u00f9 comuni \u2014 spesso sottovalutata \u2014 \u00e8 l\u2019occhio secco. Anche chi soffre abitualmente di allergie non dovrebbe escludere la possibilit\u00e0 di avere contemporaneamente un problema di secchezza oculare. Infatti, allergia e occhio secco possono coesistere, sovrapporsi e, talvolta, alimentarsi a vicenda: l\u2019irritazione causata dagli allergeni pu\u00f2 ridurre ulteriormente la qualit\u00e0 del film lacrimale, peggiorando la sensazione di secchezza.<\/p>\n<p>Per questo \u00e8 importante osservare bene i sintomi e, se il fastidio persiste o si modifica, chiedere consiglio a un esperto.<\/p>\n<p>Nel caso dell\u2019allergia, il problema nasce da una reazione esagerata del nostro sistema immunitario a sostanze normalmente innocue, come pollini, polvere o peli di animali. L&#8217;organismo, credendo di essere minacciato, scatena una risposta infiammatoria che coinvolge anche gli occhi. I sintomi pi\u00f9 caratteristici sono:<\/p>\n<ul>\n<li aria-level=\"1\"><b>Prurito intenso<\/b> e continuo,<\/li>\n<li aria-level=\"1\"><b>Arrossamento<\/b> e sensazione di calore,<\/li>\n<li aria-level=\"1\"><b>Gonfiore delle palpebre<\/b>,<\/li>\n<li aria-level=\"1\"><b>Lacrimazione eccessiva<\/b>,<\/li>\n<li aria-level=\"1\"><b>Sensazione di \u201csabbia negli occhi\u201d<\/b> o corpo estraneo.<\/li>\n<\/ul>\n<p>L\u2019occhio secco, invece, si verifica quando la quantit\u00e0 o la qualit\u00e0 delle lacrime non \u00e8 sufficiente a mantenere la superficie oculare adeguatamente lubrificata. Questo porta a:<\/p>\n<ul>\n<li aria-level=\"1\"><b>Bruciore<\/b> persistente,<\/li>\n<li aria-level=\"1\"><b>Secchezza oculare<\/b> che peggiora durante la giornata,<\/li>\n<li aria-level=\"1\"><b>Visione appannata<\/b>, soprattutto dopo lunghe ore al computer o in ambienti secchi,<\/li>\n<li aria-level=\"1\"><b>Fastidio alla luce<\/b> (fotofobia).<\/li>\n<\/ul>\n<p><b>La differenza principale?<\/b><b><br \/>\n<\/b>Nell&#8217;allergia oculare prevale il <b>prurito<\/b> intenso, mentre nell\u2019occhio secco si percepiscono soprattutto <b>bruciore<\/b> e <b>secchezza<\/b>.<\/p>\n<p>Tuttavia, come anticipato, non sempre i confini sono netti: in alcuni casi, allergia e occhio secco possono coesistere, rendendo la diagnosi pi\u00f9 complessa. \u00c8 importante quindi non trascurare i sintomi e, se il disturbo persiste, affidarsi ai consigli di un esperto per ricevere il trattamento pi\u00f9 adatto.<\/p>\n<p>&nbsp;<\/p>\n<h2><b>Perch\u00e9 in primavera i disturbi agli occhi peggiorano?<\/b><\/h2>\n<p>L\u2019<b> aumento dei pollini nell&#8217;aria<\/b> e la <b>maggiore esposizione all&#8217;aperto<\/b> sono determinanti nello sviluppo di reazioni allergiche.<\/p>\n<p>Con la fioritura, l\u2019aria si carica di pollini provenienti da alberi, graminacee e piante erbacee. Queste microparticelle, invisibili ma potentissime, si depositano sulle mucose oculari e nasali, provocando reazioni anche in chi non aveva mai manifestato sintomi prima. Aggiungiamo a questo che con le belle giornate trascorriamo pi\u00f9 tempo fuori casa per avere il quadro completo: passeggiate nei parchi, attivit\u00e0 fisica all\u2019aperto, pranzi in giardino&#8230; Tutto questo espone i nostri occhi a una maggiore quantit\u00e0 di allergeni rispetto ai mesi invernali.<\/p>\n<p>Anche il <b>vento<\/b> primaverile, pur spesso piacevole contribuisce a diffondere pi\u00f9 velocemente pollini e polveri sottili. Mentre i <b>cambiamenti di temperatura<\/b> e gli <b>sbalzi termici<\/b> (giornate calde e serate ancora fresche) possono stressare ulteriormente la superficie oculare, rendendo gli occhi pi\u00f9 sensibili e pi\u00f9 secchi.<\/p>\n<p>&nbsp;<\/p>\n<p>Non siamo esenti nemmeno dentro casa, dove le tradizionali &#8220;pulizie di primavera&#8221; possono sollevare polvere e acari nascosti, aumentando i rischi per chi \u00e8 sensibile agli allergeni domestici.<\/p>\n<p>Tra le cause dell\u2019occhio secco, al di l\u00e0 della primavera, ricordiamo quanto incida sempre<b> l\u2019uso prolungato\u00a0 di dispositivi digitali. <\/b>Anche se pu\u00f2 sembrare strano, l&#8217;aumento del tempo trascorso davanti a computer, tablet e smartphone \u00e8 determinante: quando fissiamo uno schermo, tendiamo a sbattere meno le palpebre, riducendo la naturale lubrificazione degli occhi. Se l\u2019aria \u00e8 gi\u00e0 secca o carica di allergeni, il disagio oculare si amplifica.<\/p>\n<p>&nbsp;<\/p>\n<h2><b>Cosa possiamo fare?<\/b><\/h2>\n<p>Niente panico: ci sono tante buone abitudini e piccoli aiuti che possono fare la differenza!<\/p>\n<ul>\n<li aria-level=\"1\"><b>Lacrime artificiali<\/b>: rinfrescano e proteggono, ottime sia per l\u2019occhio secco che per rimuovere gli allergeni.<\/li>\n<li aria-level=\"1\"><b>Occhiali da sole<\/b>: non solo moda! Aiutano a schermare gli occhi dal vento e dai pollini.<\/li>\n<li aria-level=\"1\"><b>Evita ambienti troppo secchi<\/b>: l\u2019aria condizionata o i riscaldamenti possono peggiorare la secchezza oculare.<\/li>\n<li aria-level=\"1\"><b>Impacchi freschi<\/b>: leniscono prurito e gonfiore in modo naturale.<\/li>\n<li aria-level=\"1\"><b>Antistaminici o colliri specifici<\/b>: chiedi consiglio in farmacia per scegliere quello pi\u00f9 adatto a te.<\/li>\n<\/ul>\n<p>&nbsp;<\/p>\n<h2><b>Il consiglio della tua Farmacia Comunale<\/b><\/h2>\n<p>Se hai dubbi o non riesci a capire se si tratta di allergia o di occhio secco, passa a trovarci: il nostro team \u00e8 a disposizione per ascoltarti e consigliarti al meglio. Esistono prodotti naturali, integratori, colliri e trattamenti specifici che possono davvero aiutarti a tornare a vedere la primavera\u2026 con occhi pi\u00f9 sereni!<\/p>\n<p>&nbsp;<\/p>\n<p><strong>AFM Farmacie Comunali Ferrara<\/strong>[\/vc_column_text][\/vc_column][\/vc_row]<\/p>\n","protected":false},"excerpt":{"rendered":"<p>[vc_row][vc_column][vc_empty_space height=&#8221;15px&#8221;][vc_column_text]Con l\u2019arrivo della primavera, la natura si risveglia e\u2026 purtroppo anche le allergie! Chi ne soffre, lo sa &#8211; ed \u00e8 quasi un italiano su tre -: pollini e&hellip;<\/p>\n","protected":false},"author":7,"featured_media":11787,"comment_status":"closed","ping_status":"closed","sticky":false,"template":"","format":"standard","meta":[],"categories":[159],"tags":[],"class_list":["post-11786","post","type-post","status-publish","format-standard","has-post-thumbnail","hentry","category-blog-home","category-159","description-off"],"_links":{"self":[{"href":"https:\/\/www.afm.fe.it\/index.php?rest_route=\/wp\/v2\/posts\/11786","targetHints":{"allow":["GET"]}}],"collection":[{"href":"https:\/\/www.afm.fe.it\/index.php?rest_route=\/wp\/v2\/posts"}],"about":[{"href":"https:\/\/www.afm.fe.it\/index.php?rest_route=\/wp\/v2\/types\/post"}],"author":[{"embeddable":true,"href":"https:\/\/www.afm.fe.it\/index.php?rest_route=\/wp\/v2\/users\/7"}],"replies":[{"embeddable":true,"href":"https:\/\/www.afm.fe.it\/index.php?rest_route=%2Fwp%2Fv2%2Fcomments&post=11786"}],"version-history":[{"count":3,"href":"https:\/\/www.afm.fe.it\/index.php?rest_route=\/wp\/v2\/posts\/11786\/revisions"}],"predecessor-version":[{"id":11790,"href":"https:\/\/www.afm.fe.it\/index.php?rest_route=\/wp\/v2\/posts\/11786\/revisions\/11790"}],"wp:featuredmedia":[{"embeddable":true,"href":"https:\/\/www.afm.fe.it\/index.php?rest_route=\/wp\/v2\/media\/11787"}],"wp:attachment":[{"href":"https:\/\/www.afm.fe.it\/index.php?rest_route=%2Fwp%2Fv2%2Fmedia&parent=11786"}],"wp:term":[{"taxonomy":"category","embeddable":true,"href":"https:\/\/www.afm.fe.it\/index.php?rest_route=%2Fwp%2Fv2%2Fcategories&post=11786"},{"taxonomy":"post_tag","embeddable":true,"href":"https:\/\/www.afm.fe.it\/index.php?rest_route=%2Fwp%2Fv2%2Ftags&post=11786"}],"curies":[{"name":"wp","href":"https:\/\/api.w.org\/{rel}","templated":true}]}}