


{"id":2574,"date":"2018-12-02T13:08:00","date_gmt":"2018-12-02T12:08:00","guid":{"rendered":"https:\/\/www.afm.fe.it\/?p=2574"},"modified":"2020-10-20T10:50:36","modified_gmt":"2020-10-20T08:50:36","slug":"campagna-antiinfluenzale-2018-2019","status":"publish","type":"post","link":"https:\/\/www.afm.fe.it\/?p=2574","title":{"rendered":"Campagna Antinfluenzale 2018\/2019"},"content":{"rendered":"<p>[vc_row][vc_column][vc_column_text]<\/p>\r\n<h3><strong>CAMPAGNA ANTINFULENZALE<\/strong><\/h3>\r\n<p><strong>VACCINO ? s\u00ec, senza dubbio<\/strong><\/p>\r\n\r\n<p>Tetravalente, nuove forniture.<\/p>\r\n\r\n<p>L\u2019antiinfluenzale \u00e8 di nuovo disponibile.<\/p>\r\n\r\n<p>Si \u00e8 ancora in tempo a vaccinarsi: il picco influenzale si registrer\u00e0 in coincidenza del Natale e\u00a0 dei primi giorni di gennaio. Dunque ci si pu\u00f2 vaccinare pure adesso.<\/p>\r\n\r\n\r\n\r\n<div class=\"wp-block-image\">\r\n<figure class=\"aligncenter is-resized\"><img loading=\"lazy\" decoding=\"async\" src=\"https:\/\/www.afm.fe.it\/wp-content\/uploads\/2018\/03\/non-%C3%A8-mai-troppo-tardi-CARTELLO-VACCINI-2018-001.jpg\" alt=\"\" width=\"515\" height=\"364\" \/><\/figure>\r\n<\/div>\r\n\r\n\r\n\r\n<p>&nbsp;<\/p>\r\n\r\n<p>&nbsp;<\/p>\r\n<p>[\/vc_column_text][\/vc_column][\/vc_row]<\/p>","protected":false},"excerpt":{"rendered":"<p>[vc_row][vc_column][vc_column_text] CAMPAGNA ANTINFULENZALE VACCINO ? s\u00ec, senza dubbio Tetravalente, nuove forniture. L\u2019antiinfluenzale \u00e8 di nuovo disponibile. Si \u00e8 ancora in tempo a vaccinarsi: il picco influenzale si registrer\u00e0 in coincidenza&hellip;<\/p>\n","protected":false},"author":3,"featured_media":2575,"comment_status":"closed","ping_status":"closed","sticky":false,"template":"","format":"standard","meta":[],"categories":[150],"tags":[],"class_list":["post-2574","post","type-post","status-publish","format-standard","has-post-thumbnail","hentry","category-news-archivio","category-150","description-off"],"_links":{"self":[{"href":"https:\/\/www.afm.fe.it\/index.php?rest_route=\/wp\/v2\/posts\/2574","targetHints":{"allow":["GET"]}}],"collection":[{"href":"https:\/\/www.afm.fe.it\/index.php?rest_route=\/wp\/v2\/posts"}],"about":[{"href":"https:\/\/www.afm.fe.it\/index.php?rest_route=\/wp\/v2\/types\/post"}],"author":[{"embeddable":true,"href":"https:\/\/www.afm.fe.it\/index.php?rest_route=\/wp\/v2\/users\/3"}],"replies":[{"embeddable":true,"href":"https:\/\/www.afm.fe.it\/index.php?rest_route=%2Fwp%2Fv2%2Fcomments&post=2574"}],"version-history":[{"count":7,"href":"https:\/\/www.afm.fe.it\/index.php?rest_route=\/wp\/v2\/posts\/2574\/revisions"}],"predecessor-version":[{"id":6913,"href":"https:\/\/www.afm.fe.it\/index.php?rest_route=\/wp\/v2\/posts\/2574\/revisions\/6913"}],"wp:featuredmedia":[{"embeddable":true,"href":"https:\/\/www.afm.fe.it\/index.php?rest_route=\/wp\/v2\/media\/2575"}],"wp:attachment":[{"href":"https:\/\/www.afm.fe.it\/index.php?rest_route=%2Fwp%2Fv2%2Fmedia&parent=2574"}],"wp:term":[{"taxonomy":"category","embeddable":true,"href":"https:\/\/www.afm.fe.it\/index.php?rest_route=%2Fwp%2Fv2%2Fcategories&post=2574"},{"taxonomy":"post_tag","embeddable":true,"href":"https:\/\/www.afm.fe.it\/index.php?rest_route=%2Fwp%2Fv2%2Ftags&post=2574"}],"curies":[{"name":"wp","href":"https:\/\/api.w.org\/{rel}","templated":true}]}}