


{"id":2607,"date":"2018-09-29T14:18:34","date_gmt":"2018-09-29T12:18:34","guid":{"rendered":"https:\/\/www.afm.fe.it\/?p=2607"},"modified":"2020-10-20T09:43:59","modified_gmt":"2020-10-20T07:43:59","slug":"vola-in-festa","status":"publish","type":"post","link":"https:\/\/www.afm.fe.it\/?p=2607","title":{"rendered":"Vola in festa"},"content":{"rendered":"<p>[vc_row][vc_column]<div id=\"ultimate-heading-28469f0a54d7aef2\" class=\"uvc-heading ult-adjust-bottom-margin ultimate-heading-28469f0a54d7aef2 uvc-4180  uvc-heading-default-font-sizes\" data-hspacer=\"no_spacer\"  data-halign=\"left\" style=\"text-align:left\"><div class=\"uvc-heading-spacer no_spacer\" style=\"top\"><\/div><div class=\"uvc-main-heading ult-responsive\"  data-ultimate-target='.uvc-heading.ultimate-heading-28469f0a54d7aef2 h3'  data-responsive-json-new='{\"font-size\":\"\",\"line-height\":\"\"}' ><h3 style=\"--font-weight:theme;\">Vola in Festa<\/h3><\/div><\/div>[vc_column_text]Afm ha partecipato con entusiasmo a \u201cVola in festa\u201d ad Aguscello due giorni all\u2019aria aperta per i pi\u00f9 piccoli tra gli aerei e l\u2019immensit\u00e0 del cielo per volare con le ali della solidariet\u00e0. Tante le attivit\u00e0 per grandi e piccini proposte.<\/p>\r\n<p>\r\n\r\nAfm ringrazia\u00a0<a href=\"http:\/\/www.volanelcuore.it\/\">Vola nel Cuore Onlus<\/a>\u00a0per averci ospitato a questo evento.<\/p>\r\n<p><br \/><\/p>\r\n<div class=\"wp-block-image\">\r\n<figure class=\"aligncenter is-resized\"><img loading=\"lazy\" decoding=\"async\" src=\"https:\/\/www.afm.fe.it\/wp-content\/uploads\/2017\/01\/IMG-20180930-WA0010.jpg\" alt=\"\" width=\"515\" height=\"292\" \/><\/figure>\r\n<\/div>\r\n<p><br \/><\/p>\r\n<div class=\"wp-block-image\">\r\n<figure class=\"aligncenter is-resized\"><img loading=\"lazy\" decoding=\"async\" src=\"https:\/\/www.afm.fe.it\/wp-content\/uploads\/2017\/01\/IMG-20181001-WA0012.jpg\" alt=\"\" width=\"515\" height=\"389\" \/><\/figure>\r\n<\/div>\r\n<p>[\/vc_column_text][\/vc_column][\/vc_row]<\/p>","protected":false},"excerpt":{"rendered":"<p>[vc_row][vc_column][vc_column_text]Afm ha partecipato con entusiasmo a \u201cVola in festa\u201d ad Aguscello due giorni all\u2019aria aperta per i pi\u00f9 piccoli tra gli aerei e l\u2019immensit\u00e0 del cielo per volare con le&hellip;<\/p>\n","protected":false},"author":3,"featured_media":2608,"comment_status":"closed","ping_status":"closed","sticky":false,"template":"","format":"standard","meta":[],"categories":[150],"tags":[],"class_list":["post-2607","post","type-post","status-publish","format-standard","has-post-thumbnail","hentry","category-news-archivio","category-150","description-off"],"_links":{"self":[{"href":"https:\/\/www.afm.fe.it\/index.php?rest_route=\/wp\/v2\/posts\/2607","targetHints":{"allow":["GET"]}}],"collection":[{"href":"https:\/\/www.afm.fe.it\/index.php?rest_route=\/wp\/v2\/posts"}],"about":[{"href":"https:\/\/www.afm.fe.it\/index.php?rest_route=\/wp\/v2\/types\/post"}],"author":[{"embeddable":true,"href":"https:\/\/www.afm.fe.it\/index.php?rest_route=\/wp\/v2\/users\/3"}],"replies":[{"embeddable":true,"href":"https:\/\/www.afm.fe.it\/index.php?rest_route=%2Fwp%2Fv2%2Fcomments&post=2607"}],"version-history":[{"count":6,"href":"https:\/\/www.afm.fe.it\/index.php?rest_route=\/wp\/v2\/posts\/2607\/revisions"}],"predecessor-version":[{"id":6882,"href":"https:\/\/www.afm.fe.it\/index.php?rest_route=\/wp\/v2\/posts\/2607\/revisions\/6882"}],"wp:featuredmedia":[{"embeddable":true,"href":"https:\/\/www.afm.fe.it\/index.php?rest_route=\/wp\/v2\/media\/2608"}],"wp:attachment":[{"href":"https:\/\/www.afm.fe.it\/index.php?rest_route=%2Fwp%2Fv2%2Fmedia&parent=2607"}],"wp:term":[{"taxonomy":"category","embeddable":true,"href":"https:\/\/www.afm.fe.it\/index.php?rest_route=%2Fwp%2Fv2%2Fcategories&post=2607"},{"taxonomy":"post_tag","embeddable":true,"href":"https:\/\/www.afm.fe.it\/index.php?rest_route=%2Fwp%2Fv2%2Ftags&post=2607"}],"curies":[{"name":"wp","href":"https:\/\/api.w.org\/{rel}","templated":true}]}}