


{"id":2666,"date":"2018-08-27T09:44:00","date_gmt":"2018-08-27T07:44:00","guid":{"rendered":"https:\/\/www.afm.fe.it\/?p=2666"},"modified":"2020-02-18T09:48:38","modified_gmt":"2020-02-18T08:48:38","slug":"centro-aerosol-terapia","status":"publish","type":"post","link":"https:\/\/www.afm.fe.it\/?p=2666","title":{"rendered":"Centro Aerosol Terapia"},"content":{"rendered":"\n<p><em><strong>AFM Farmacie Comunali Ferrara S.r.l<\/strong><\/em><\/p>\n\n\n\n<p>Il Centro Aerosol Terapia di AFM ha aperto al pubblico&nbsp;<strong>&nbsp;luned\u00ec 27 agosto<\/strong>, dopo la chiususa estiva che ha portato anche a lavori di ammodernamento e adeguamento dei locali<\/p>\n\n\n\n<p>Il Centro riapre in piena funzionalit\u00e0: accanto alle prestazioni di aerosol terapia e di visite specialistiche otorinolaringoiatriche del Dott. Marco Ceron (direttore sanitario del Centro), sar\u00e0 presto attivo un servizio di diagnosi e terapia vestibolare del dott. Andrea Beghi. Dalla met\u00e0 del mese di settembre inoltre sar\u00e0 disponibile anche una professionista logopedista.<\/p>\n\n\n\n<p><em>Voglio portare una piccola testimonianza personale, del tutto causale. Al termine del sopralluogo sono stato contattato da un utente che aveva appena terminato la sua seduta di terapia inalare ed era ormai sceso in strada: &lt; Lei \u00e8 un resposabile ? &gt;&nbsp; mi chiede avendo visto che parlavo con le imprese interessate all\u2019intervento di cui sopra, &lt; Si, certo &gt;, &lt; Posso esprimere la mia opinione sinceramente, dare un voto ? &gt;, \u201cO mamma mia non faremo mica polemica\u201d \u00e8 il mio pensiero, la mia risposta: &lt; Certo siamo qui per ascoltare &gt;, &lt; Voto 10: ottimo servizio &gt; la sua sentenza. Un grazie al signor Vanni C., affezionato cliente. Il Direttore Michele Balboni<\/em><\/p>\n\n\n\n<p><br><\/p>\n","protected":false},"excerpt":{"rendered":"<p>AFM Farmacie Comunali Ferrara S.r.l Il Centro Aerosol Terapia di AFM ha aperto al pubblico&nbsp;&nbsp;luned\u00ec 27 agosto, dopo la chiususa estiva che ha portato anche a lavori di ammodernamento e&hellip;<\/p>\n","protected":false},"author":3,"featured_media":2668,"comment_status":"open","ping_status":"open","sticky":false,"template":"","format":"standard","meta":[],"categories":[1],"tags":[],"class_list":["post-2666","post","type-post","status-publish","format-standard","has-post-thumbnail","hentry","category-senza-categoria","category-1","description-off"],"_links":{"self":[{"href":"https:\/\/www.afm.fe.it\/index.php?rest_route=\/wp\/v2\/posts\/2666","targetHints":{"allow":["GET"]}}],"collection":[{"href":"https:\/\/www.afm.fe.it\/index.php?rest_route=\/wp\/v2\/posts"}],"about":[{"href":"https:\/\/www.afm.fe.it\/index.php?rest_route=\/wp\/v2\/types\/post"}],"author":[{"embeddable":true,"href":"https:\/\/www.afm.fe.it\/index.php?rest_route=\/wp\/v2\/users\/3"}],"replies":[{"embeddable":true,"href":"https:\/\/www.afm.fe.it\/index.php?rest_route=%2Fwp%2Fv2%2Fcomments&post=2666"}],"version-history":[{"count":2,"href":"https:\/\/www.afm.fe.it\/index.php?rest_route=\/wp\/v2\/posts\/2666\/revisions"}],"predecessor-version":[{"id":2671,"href":"https:\/\/www.afm.fe.it\/index.php?rest_route=\/wp\/v2\/posts\/2666\/revisions\/2671"}],"wp:featuredmedia":[{"embeddable":true,"href":"https:\/\/www.afm.fe.it\/index.php?rest_route=\/wp\/v2\/media\/2668"}],"wp:attachment":[{"href":"https:\/\/www.afm.fe.it\/index.php?rest_route=%2Fwp%2Fv2%2Fmedia&parent=2666"}],"wp:term":[{"taxonomy":"category","embeddable":true,"href":"https:\/\/www.afm.fe.it\/index.php?rest_route=%2Fwp%2Fv2%2Fcategories&post=2666"},{"taxonomy":"post_tag","embeddable":true,"href":"https:\/\/www.afm.fe.it\/index.php?rest_route=%2Fwp%2Fv2%2Ftags&post=2666"}],"curies":[{"name":"wp","href":"https:\/\/api.w.org\/{rel}","templated":true}]}}