


{"id":2677,"date":"2018-04-27T09:51:00","date_gmt":"2018-04-27T07:51:00","guid":{"rendered":"https:\/\/www.afm.fe.it\/?p=2677"},"modified":"2020-02-18T10:02:00","modified_gmt":"2020-02-18T09:02:00","slug":"riapertura-farmacia-krasnodar","status":"publish","type":"post","link":"https:\/\/www.afm.fe.it\/?p=2677","title":{"rendered":"Riapertura Farmacia Krasnodar"},"content":{"rendered":"\n<p><em><strong>AFM Farmacie Comunali Ferrara S.r.l<\/strong><\/em><\/p>\n\n\n\n<p>Si avvisa la gentile clientela che venerd\u00ec 27 aprile, la Farmacia Comunale n.10 Krasnodar riaprir\u00e0 dopo la chiusura per i lavori strutturali di adeguamento sismico. La Farmacia effettuer\u00e0 i normali orari d\u2019apertura dalle 8.00 alle 13.00 e dalle 15.00 alle 19.30.<\/p>\n\n\n\n<p><\/p>\n","protected":false},"excerpt":{"rendered":"<p>AFM Farmacie Comunali Ferrara S.r.l Si avvisa la gentile clientela che venerd\u00ec 27 aprile, la Farmacia Comunale n.10 Krasnodar riaprir\u00e0 dopo la chiusura per i lavori strutturali di adeguamento sismico.&hellip;<\/p>\n","protected":false},"author":3,"featured_media":2678,"comment_status":"open","ping_status":"open","sticky":false,"template":"","format":"standard","meta":[],"categories":[1],"tags":[],"class_list":["post-2677","post","type-post","status-publish","format-standard","has-post-thumbnail","hentry","category-senza-categoria","category-1","description-off"],"_links":{"self":[{"href":"https:\/\/www.afm.fe.it\/index.php?rest_route=\/wp\/v2\/posts\/2677","targetHints":{"allow":["GET"]}}],"collection":[{"href":"https:\/\/www.afm.fe.it\/index.php?rest_route=\/wp\/v2\/posts"}],"about":[{"href":"https:\/\/www.afm.fe.it\/index.php?rest_route=\/wp\/v2\/types\/post"}],"author":[{"embeddable":true,"href":"https:\/\/www.afm.fe.it\/index.php?rest_route=\/wp\/v2\/users\/3"}],"replies":[{"embeddable":true,"href":"https:\/\/www.afm.fe.it\/index.php?rest_route=%2Fwp%2Fv2%2Fcomments&post=2677"}],"version-history":[{"count":2,"href":"https:\/\/www.afm.fe.it\/index.php?rest_route=\/wp\/v2\/posts\/2677\/revisions"}],"predecessor-version":[{"id":2680,"href":"https:\/\/www.afm.fe.it\/index.php?rest_route=\/wp\/v2\/posts\/2677\/revisions\/2680"}],"wp:featuredmedia":[{"embeddable":true,"href":"https:\/\/www.afm.fe.it\/index.php?rest_route=\/wp\/v2\/media\/2678"}],"wp:attachment":[{"href":"https:\/\/www.afm.fe.it\/index.php?rest_route=%2Fwp%2Fv2%2Fmedia&parent=2677"}],"wp:term":[{"taxonomy":"category","embeddable":true,"href":"https:\/\/www.afm.fe.it\/index.php?rest_route=%2Fwp%2Fv2%2Fcategories&post=2677"},{"taxonomy":"post_tag","embeddable":true,"href":"https:\/\/www.afm.fe.it\/index.php?rest_route=%2Fwp%2Fv2%2Ftags&post=2677"}],"curies":[{"name":"wp","href":"https:\/\/api.w.org\/{rel}","templated":true}]}}