


{"id":6828,"date":"2018-04-27T16:15:56","date_gmt":"2018-04-27T14:15:56","guid":{"rendered":"https:\/\/www.afm.fe.it\/?p=6828"},"modified":"2020-10-19T16:19:03","modified_gmt":"2020-10-19T14:19:03","slug":"riapertura-farmacia-krasnodar-2","status":"publish","type":"post","link":"https:\/\/www.afm.fe.it\/?p=6828","title":{"rendered":"Riapertura Farmacia Krasnodar"},"content":{"rendered":"<p>[vc_row][vc_column]<div id=\"ultimate-heading-305969f09a62c18d5\" class=\"uvc-heading ult-adjust-bottom-margin ultimate-heading-305969f09a62c18d5 uvc-3380  uvc-heading-default-font-sizes\" data-hspacer=\"no_spacer\"  data-halign=\"left\" style=\"text-align:left\"><div class=\"uvc-heading-spacer no_spacer\" style=\"top\"><\/div><div class=\"uvc-main-heading ult-responsive\"  data-ultimate-target='.uvc-heading.ultimate-heading-305969f09a62c18d5 h3'  data-responsive-json-new='{\"font-size\":\"\",\"line-height\":\"\"}' ><h3 style=\"--font-weight:theme;\">Riapertura Farmacia Krasnodar<\/h3><\/div><\/div>[vc_empty_space height=&#8221;15px&#8221;][vc_column_text] Si avvisa la gentile clientela che venerd\u00ec 27 aprile, la Farmacia Comunale n.10 Krasnodar riaprir\u00e0 dopo la chiusura per i lavori strutturali di adeguamento sismico. La Farmacia effettuer\u00e0 i normali orari d\u2019apertura dalle 8.00 alle 13.00 e dalle 15.00 alle 19.30.<\/p>\r\n<p>[\/vc_column_text][vc_empty_space][\/vc_column][\/vc_row]<\/p>","protected":false},"excerpt":{"rendered":"<p>[vc_row][vc_column][vc_empty_space height=&#8221;15px&#8221;][vc_column_text] Si avvisa la gentile clientela che venerd\u00ec 27 aprile, la Farmacia Comunale n.10 Krasnodar riaprir\u00e0 dopo la chiusura per i lavori strutturali di adeguamento sismico. La Farmacia effettuer\u00e0&hellip;<\/p>\n","protected":false},"author":3,"featured_media":2792,"comment_status":"closed","ping_status":"closed","sticky":false,"template":"","format":"standard","meta":[],"categories":[150],"tags":[],"class_list":["post-6828","post","type-post","status-publish","format-standard","has-post-thumbnail","hentry","category-news-archivio","category-150","description-off"],"_links":{"self":[{"href":"https:\/\/www.afm.fe.it\/index.php?rest_route=\/wp\/v2\/posts\/6828","targetHints":{"allow":["GET"]}}],"collection":[{"href":"https:\/\/www.afm.fe.it\/index.php?rest_route=\/wp\/v2\/posts"}],"about":[{"href":"https:\/\/www.afm.fe.it\/index.php?rest_route=\/wp\/v2\/types\/post"}],"author":[{"embeddable":true,"href":"https:\/\/www.afm.fe.it\/index.php?rest_route=\/wp\/v2\/users\/3"}],"replies":[{"embeddable":true,"href":"https:\/\/www.afm.fe.it\/index.php?rest_route=%2Fwp%2Fv2%2Fcomments&post=6828"}],"version-history":[{"count":2,"href":"https:\/\/www.afm.fe.it\/index.php?rest_route=\/wp\/v2\/posts\/6828\/revisions"}],"predecessor-version":[{"id":6830,"href":"https:\/\/www.afm.fe.it\/index.php?rest_route=\/wp\/v2\/posts\/6828\/revisions\/6830"}],"wp:featuredmedia":[{"embeddable":true,"href":"https:\/\/www.afm.fe.it\/index.php?rest_route=\/wp\/v2\/media\/2792"}],"wp:attachment":[{"href":"https:\/\/www.afm.fe.it\/index.php?rest_route=%2Fwp%2Fv2%2Fmedia&parent=6828"}],"wp:term":[{"taxonomy":"category","embeddable":true,"href":"https:\/\/www.afm.fe.it\/index.php?rest_route=%2Fwp%2Fv2%2Fcategories&post=6828"},{"taxonomy":"post_tag","embeddable":true,"href":"https:\/\/www.afm.fe.it\/index.php?rest_route=%2Fwp%2Fv2%2Ftags&post=6828"}],"curies":[{"name":"wp","href":"https:\/\/api.w.org\/{rel}","templated":true}]}}