


{"id":6837,"date":"2018-08-27T16:24:28","date_gmt":"2018-08-27T14:24:28","guid":{"rendered":"https:\/\/www.afm.fe.it\/?p=6837"},"modified":"2020-10-19T16:28:04","modified_gmt":"2020-10-19T14:28:04","slug":"centro-aerosol-terapia-2","status":"publish","type":"post","link":"https:\/\/www.afm.fe.it\/?p=6837","title":{"rendered":"Centro Aerosol Terapia"},"content":{"rendered":"<p>[vc_row][vc_column]<div id=\"ultimate-heading-99069f094e6db51c\" class=\"uvc-heading ult-adjust-bottom-margin ultimate-heading-99069f094e6db51c uvc-6271  uvc-heading-default-font-sizes\" data-hspacer=\"no_spacer\"  data-halign=\"left\" style=\"text-align:left\"><div class=\"uvc-heading-spacer no_spacer\" style=\"top\"><\/div><div class=\"uvc-main-heading ult-responsive\"  data-ultimate-target='.uvc-heading.ultimate-heading-99069f094e6db51c h3'  data-responsive-json-new='{\"font-size\":\"\",\"line-height\":\"\"}' ><h3 style=\"--font-weight:theme;\">Centro Aerosol Terapia<\/h3><\/div><\/div>[vc_empty_space height=&#8221;15px&#8221;][vc_column_text]Il Centro Aerosol Terapia di AFM ha aperto al pubblico&nbsp;<strong>&nbsp;luned\u00ec 27 agosto<\/strong>, dopo la chiususa estiva che ha portato anche a lavori di ammodernamento e adeguamento dei locali<\/p>\n\n<p>Il Centro riapre in piena funzionalit\u00e0: accanto alle prestazioni di aerosol terapia e di visite specialistiche otorinolaringoiatriche del Dott. Marco Ceron (direttore sanitario del Centro), sar\u00e0 presto attivo un servizio di diagnosi e terapia vestibolare del dott. Andrea Beghi. Dalla met\u00e0 del mese di settembre inoltre sar\u00e0 disponibile anche una professionista logopedista.<\/p>\n\n<p><em>Voglio portare una piccola testimonianza personale, del tutto causale. Al termine del sopralluogo sono stato contattato da un utente che aveva appena terminato la sua seduta di terapia inalare ed era ormai sceso in strada: &lt; Lei \u00e8 un resposabile ? &gt;&nbsp; mi chiede avendo visto che parlavo con le imprese interessate all\u2019intervento di cui sopra, &lt; Si, certo &gt;, &lt; Posso esprimere la mia opinione sinceramente, dare un voto ? &gt;, \u201cO mamma mia non faremo mica polemica\u201d \u00e8 il mio pensiero, la mia risposta: &lt; Certo siamo qui per ascoltare &gt;, &lt; Voto 10: ottimo servizio &gt; la sua sentenza. Un grazie al signor Vanni C., affezionato cliente. Il Direttore Michele Balboni<\/em><\/p>\n<p>[\/vc_column_text][\/vc_column][\/vc_row][vc_row][vc_column][vc_empty_space][\/vc_column][\/vc_row]<\/p>\n","protected":false},"excerpt":{"rendered":"<p>[vc_row][vc_column][vc_empty_space height=&#8221;15px&#8221;][vc_column_text]Il Centro Aerosol Terapia di AFM ha aperto al pubblico&nbsp;&nbsp;luned\u00ec 27 agosto, dopo la chiususa estiva che ha portato anche a lavori di ammodernamento e adeguamento dei locali Il&hellip;<\/p>\n","protected":false},"author":3,"featured_media":4818,"comment_status":"closed","ping_status":"closed","sticky":false,"template":"","format":"standard","meta":[],"categories":[150],"tags":[],"class_list":["post-6837","post","type-post","status-publish","format-standard","has-post-thumbnail","hentry","category-news-archivio","category-150","description-off"],"_links":{"self":[{"href":"https:\/\/www.afm.fe.it\/index.php?rest_route=\/wp\/v2\/posts\/6837","targetHints":{"allow":["GET"]}}],"collection":[{"href":"https:\/\/www.afm.fe.it\/index.php?rest_route=\/wp\/v2\/posts"}],"about":[{"href":"https:\/\/www.afm.fe.it\/index.php?rest_route=\/wp\/v2\/types\/post"}],"author":[{"embeddable":true,"href":"https:\/\/www.afm.fe.it\/index.php?rest_route=\/wp\/v2\/users\/3"}],"replies":[{"embeddable":true,"href":"https:\/\/www.afm.fe.it\/index.php?rest_route=%2Fwp%2Fv2%2Fcomments&post=6837"}],"version-history":[{"count":3,"href":"https:\/\/www.afm.fe.it\/index.php?rest_route=\/wp\/v2\/posts\/6837\/revisions"}],"predecessor-version":[{"id":6841,"href":"https:\/\/www.afm.fe.it\/index.php?rest_route=\/wp\/v2\/posts\/6837\/revisions\/6841"}],"wp:featuredmedia":[{"embeddable":true,"href":"https:\/\/www.afm.fe.it\/index.php?rest_route=\/wp\/v2\/media\/4818"}],"wp:attachment":[{"href":"https:\/\/www.afm.fe.it\/index.php?rest_route=%2Fwp%2Fv2%2Fmedia&parent=6837"}],"wp:term":[{"taxonomy":"category","embeddable":true,"href":"https:\/\/www.afm.fe.it\/index.php?rest_route=%2Fwp%2Fv2%2Fcategories&post=6837"},{"taxonomy":"post_tag","embeddable":true,"href":"https:\/\/www.afm.fe.it\/index.php?rest_route=%2Fwp%2Fv2%2Ftags&post=6837"}],"curies":[{"name":"wp","href":"https:\/\/api.w.org\/{rel}","templated":true}]}}