


{"id":9377,"date":"2021-06-07T09:16:07","date_gmt":"2021-06-07T07:16:07","guid":{"rendered":"https:\/\/www.afm.fe.it\/?p=9377"},"modified":"2021-06-17T09:37:11","modified_gmt":"2021-06-17T07:37:11","slug":"campagna-di-raccolta-occhiali-usati","status":"publish","type":"post","link":"https:\/\/www.afm.fe.it\/?p=9377","title":{"rendered":"Campagna di raccolta occhiali usati"},"content":{"rendered":"<p>[vc_row][vc_column]<div id=\"ultimate-heading-675769f15a8f43722\" class=\"uvc-heading ult-adjust-bottom-margin ultimate-heading-675769f15a8f43722 uvc-5766  uvc-heading-default-font-sizes\" data-hspacer=\"no_spacer\"  data-halign=\"left\" style=\"text-align:left\"><div class=\"uvc-heading-spacer no_spacer\" style=\"top\"><\/div><div class=\"uvc-main-heading ult-responsive\"  data-ultimate-target='.uvc-heading.ultimate-heading-675769f15a8f43722 h3'  data-responsive-json-new='{\"font-size\":\"\",\"line-height\":\"\"}' ><h3 style=\"--font-weight:theme;\">Campagna di raccolta occhiali usati <\/h3><\/div><\/div>[vc_empty_space height=&#8221;15px&#8221;][vc_column_text]Si calcola siano 120 milioni le persone nel mondo con problemi di vista e molte di loro, specie nei Paesi meno sviluppati, non possono permettersi l&#8217;acquisto di occhiali. Per aiutarle a vedere meglio e migliorare cos\u00ec anche la qualit\u00e0 della loro vita i Lions club di Ferrara, con il patrocinio dell&#8217;Amministrazione comunale e la collaborazione di Afm Farmacie Comunali di Ferrara, lanciano l&#8217;iniziativa benefica di raccolta di occhiali usati, da vista o da sole, da inviare alle popolazioni pi\u00f9 bisognose. &#8220;E&#8217; un&#8217;iniziativa &#8211; ha spiegato oggi in conferenza stampa l&#8217;assessore alle Politiche sociali Cristina Coletti &#8211; di grande importanza per il nostro territorio, che punta a sensibilizzare i cittadini, offrendo loro la possibilit\u00e0 di donare e di aiutare gli altri. Ringrazio, anche a nome del Sindaco, i Lions club ferraresi e l&#8217;Afm per l&#8217;impegno e la collaborazione offerti per garantire a questa iniziativa tutti i presupposti per avere successo&#8221;.<\/p>\n<p>A occuparsi di raccogliere gli occhiali usati saranno le undici Farmacie comunali dislocate nel territorio (<a href=\"https:\/\/www.afm.fe.it\/?page_id=17\">v. elenco<\/a>), oltre a Porta Mare Servizi situata in Corso Porta Mare 106-108, che metteranno a disposizione delle scatole dedicate al progetto, all&#8217;interno delle quali i loro clienti potranno lasciare gli occhiali, ancora integri e in buono stato, che non usano pi\u00f9.<\/p>\n<p>Come spiegato da Lionella Ragazzini, che da anni si occupa del Programma Lions di raccolta e riciclaggio di occhiali usati, questi vengono poi inviati al Centro italiano Lions di raccolta a Chivasso (TO), dove vengono accuratamente puliti, trattati e classificati per gradazione e quindi distribuiti ai volontari Lions, medici e gruppi umanitari che si occupano della distribuzione. &#8220;Gli occhiali vengono destinati ai Paesi in via di sviluppo, in Africa, Sud America, Romania &#8211; ha precisato ancora Lionella Ragazzini &#8211; dove acquistarli nuovi costa quanto uno stipendio e dove possono essere fondamentali specialmente per i bambini che ne hanno bisogno per studiare e per i lavoratori che altrimenti non riescono a svolgere le loro attivit\u00e0. Per essere certi che tutto vada a buon fine, i soci Lions si occupano, poi, sempre in prima persona, delle consegne degli occhiali direttamente nelle mani delle persone cui sono destinati, che si presentano con certificato rilasciato da un medico Lions&#8221;.<\/p>\n<p>&#8220;Dopo il difficilissimo periodo della pandemia, che ha visto le farmacie lavorare sempre in prima linea &#8211; ha sottolineato l&#8217;amministratore di Afm Luca Cimarelli &#8211; quello della raccolta degli occhiali \u00e8 un primo passo per le farmacie comunali per tornare a essere sempre pi\u00f9 attive in campagne sociali e attivit\u00e0 di servizio, con particolare attenzione all&#8217;educazione sanitaria e ai progetti di sostegno alle fasce pi\u00f9 deboli della popolazione&#8221;. &#8220;Afm &#8211; ha confermato la direttrice generale di Afm Paola Nocenti &#8211; \u00e8 sempre molto attenta alle esigenze dei cittadini e del territorio, \u00e8 una presenza attiva nei quartieri, a fianco delle famiglie e delle persone pi\u00f9 fragili dal punto di vista economico e sociale. Il valore di questa iniziativa si inserisce proprio nel solco dell&#8217;attenzione che da sempre Afm ha verso la lotta allo spreco di beni preziosi a cui non tutti hanno facolt\u00e0 di accesso, per una ridistribuzione. Molto importante \u00e8 poi anche il valore educativo che l&#8217;iniziativa riveste in termini ambientali di riuso dei materiali&#8221;.<\/p>\n<p>&#8220;Si tratta &#8211; ha precisato infine il presidente del Lions club Ferrara estense Giorgio Ferroni &#8211; di un progetto portato avanti unitamente da tutti i Lions club di Ferrara, e rappresenta l&#8217;ennesima azione da noi condotta a beneficio del territorio e della collettivit\u00e0, con l&#8217;appoggio delle Istituzioni&#8221;.<\/p>\n<p>Links:<\/p>\n<p><a href=\"https:\/\/www.raccoltaocchiali.org\/\">www.raccoltaocchiali.org<\/a>[\/vc_column_text][\/vc_column][\/vc_row]<\/p>\n","protected":false},"excerpt":{"rendered":"<p>[vc_row][vc_column][vc_empty_space height=&#8221;15px&#8221;][vc_column_text]Si calcola siano 120 milioni le persone nel mondo con problemi di vista e molte di loro, specie nei Paesi meno sviluppati, non possono permettersi l&#8217;acquisto di occhiali. Per&hellip;<\/p>\n","protected":false},"author":7,"featured_media":9382,"comment_status":"closed","ping_status":"closed","sticky":false,"template":"","format":"standard","meta":[],"categories":[90],"tags":[],"class_list":["post-9377","post","type-post","status-publish","format-standard","has-post-thumbnail","hentry","category-news","category-90","description-off"],"_links":{"self":[{"href":"https:\/\/www.afm.fe.it\/index.php?rest_route=\/wp\/v2\/posts\/9377","targetHints":{"allow":["GET"]}}],"collection":[{"href":"https:\/\/www.afm.fe.it\/index.php?rest_route=\/wp\/v2\/posts"}],"about":[{"href":"https:\/\/www.afm.fe.it\/index.php?rest_route=\/wp\/v2\/types\/post"}],"author":[{"embeddable":true,"href":"https:\/\/www.afm.fe.it\/index.php?rest_route=\/wp\/v2\/users\/7"}],"replies":[{"embeddable":true,"href":"https:\/\/www.afm.fe.it\/index.php?rest_route=%2Fwp%2Fv2%2Fcomments&post=9377"}],"version-history":[{"count":4,"href":"https:\/\/www.afm.fe.it\/index.php?rest_route=\/wp\/v2\/posts\/9377\/revisions"}],"predecessor-version":[{"id":9384,"href":"https:\/\/www.afm.fe.it\/index.php?rest_route=\/wp\/v2\/posts\/9377\/revisions\/9384"}],"wp:featuredmedia":[{"embeddable":true,"href":"https:\/\/www.afm.fe.it\/index.php?rest_route=\/wp\/v2\/media\/9382"}],"wp:attachment":[{"href":"https:\/\/www.afm.fe.it\/index.php?rest_route=%2Fwp%2Fv2%2Fmedia&parent=9377"}],"wp:term":[{"taxonomy":"category","embeddable":true,"href":"https:\/\/www.afm.fe.it\/index.php?rest_route=%2Fwp%2Fv2%2Fcategories&post=9377"},{"taxonomy":"post_tag","embeddable":true,"href":"https:\/\/www.afm.fe.it\/index.php?rest_route=%2Fwp%2Fv2%2Ftags&post=9377"}],"curies":[{"name":"wp","href":"https:\/\/api.w.org\/{rel}","templated":true}]}}