


{"id":9385,"date":"2021-06-16T09:48:00","date_gmt":"2021-06-16T07:48:00","guid":{"rendered":"https:\/\/www.afm.fe.it\/?p=9385"},"modified":"2021-06-17T10:06:16","modified_gmt":"2021-06-17T08:06:16","slug":"prodotti-per-ligiene-della-persona-in-dono-ai-detenuti-dellarginone","status":"publish","type":"post","link":"https:\/\/www.afm.fe.it\/?p=9385","title":{"rendered":"Prodotti per l&#8217;igiene della persona in dono ai detenuti dell&#8217;Arginone"},"content":{"rendered":"<p>[vc_row][vc_column]<div id=\"ultimate-heading-276269f15b1e70791\" class=\"uvc-heading ult-adjust-bottom-margin ultimate-heading-276269f15b1e70791 uvc-7714  uvc-heading-default-font-sizes\" data-hspacer=\"no_spacer\"  data-halign=\"left\" style=\"text-align:left\"><div class=\"uvc-heading-spacer no_spacer\" style=\"top\"><\/div><div class=\"uvc-main-heading ult-responsive\"  data-ultimate-target='.uvc-heading.ultimate-heading-276269f15b1e70791 h3'  data-responsive-json-new='{\"font-size\":\"\",\"line-height\":\"\"}' ><h3 style=\"--font-weight:theme;\">Prodotti per l'igiene della persona in dono ai detenuti dell'Arginone<\/h3><\/div><\/div>[vc_empty_space height=&#8221;15px&#8221;][vc_column_text]Quasi trecento prodotti per la cura del corpo e per combattere il caldo in arrivo. A tanto ammonta la donazione che le Farmacie comunali \u2013 di concerto con l\u2019amministrazione \u2013 hanno organizzato nei confronti dei detenuti del carcere. &#8220;Questo \u2013 ha precisato l\u2019assessore alle Politiche sociali, Cristina Coletti \u2013 \u00e8 un gesto che sottolinea come il Comune sia attento alla situazione del penitenziario. Tra noi e la direzione dell\u2019istituto vi \u00e8 un\u2019ottima collaborazione e in futuro vi saranno altri progetti simili&#8221;. Nello specifico, ieri mattina in via Arginone sono arrivati in tutto 294 prodotti, tra cui spray antizanzare, gel igienizzante per le mani, dentifrici, scatole di integratori salini, bottiglie di bagnoschiuma, saponi per le mani, due sedie a rotelle, stampelle e occhiali da vista. &#8220;Le farmacie \u2013 ha proseguito Paola Nocenti, direttore generale Afm \u2013 hanno una doppia anima: quella ovviamente imprenditoriale ma anche quella che desidera mantenere una vicinanza con la popolazione pi\u00f9 fragile e debole. Abbiamo a lungo ragionato su quali prodotti donare, poi abbiamo pensato alla stagione calda in arrivo e soprattutto a ci\u00f2 che pu\u00f2 confortare i detenuti nelle lunghe giornate d\u2019attesa. Da l\u00ec, si \u00e8 pensato di consegnare anche degli occhiali da vista di diverse gradazioni, perch\u00e9 la lettura \u00e8 un esercizio importante per tutti&#8221;. Il carcere, dunque, prosegue nel suo lungo e costante cammino di miglioramento.<\/p>\n<p>Il Resto del Carlino[\/vc_column_text][\/vc_column][\/vc_row]<\/p>\n","protected":false},"excerpt":{"rendered":"<p>[vc_row][vc_column][vc_empty_space height=&#8221;15px&#8221;][vc_column_text]Quasi trecento prodotti per la cura del corpo e per combattere il caldo in arrivo. A tanto ammonta la donazione che le Farmacie comunali \u2013 di concerto con l\u2019amministrazione&hellip;<\/p>\n","protected":false},"author":7,"featured_media":9387,"comment_status":"closed","ping_status":"closed","sticky":false,"template":"","format":"standard","meta":[],"categories":[90],"tags":[],"class_list":["post-9385","post","type-post","status-publish","format-standard","has-post-thumbnail","hentry","category-news","category-90","description-off"],"_links":{"self":[{"href":"https:\/\/www.afm.fe.it\/index.php?rest_route=\/wp\/v2\/posts\/9385","targetHints":{"allow":["GET"]}}],"collection":[{"href":"https:\/\/www.afm.fe.it\/index.php?rest_route=\/wp\/v2\/posts"}],"about":[{"href":"https:\/\/www.afm.fe.it\/index.php?rest_route=\/wp\/v2\/types\/post"}],"author":[{"embeddable":true,"href":"https:\/\/www.afm.fe.it\/index.php?rest_route=\/wp\/v2\/users\/7"}],"replies":[{"embeddable":true,"href":"https:\/\/www.afm.fe.it\/index.php?rest_route=%2Fwp%2Fv2%2Fcomments&post=9385"}],"version-history":[{"count":3,"href":"https:\/\/www.afm.fe.it\/index.php?rest_route=\/wp\/v2\/posts\/9385\/revisions"}],"predecessor-version":[{"id":9390,"href":"https:\/\/www.afm.fe.it\/index.php?rest_route=\/wp\/v2\/posts\/9385\/revisions\/9390"}],"wp:featuredmedia":[{"embeddable":true,"href":"https:\/\/www.afm.fe.it\/index.php?rest_route=\/wp\/v2\/media\/9387"}],"wp:attachment":[{"href":"https:\/\/www.afm.fe.it\/index.php?rest_route=%2Fwp%2Fv2%2Fmedia&parent=9385"}],"wp:term":[{"taxonomy":"category","embeddable":true,"href":"https:\/\/www.afm.fe.it\/index.php?rest_route=%2Fwp%2Fv2%2Fcategories&post=9385"},{"taxonomy":"post_tag","embeddable":true,"href":"https:\/\/www.afm.fe.it\/index.php?rest_route=%2Fwp%2Fv2%2Ftags&post=9385"}],"curies":[{"name":"wp","href":"https:\/\/api.w.org\/{rel}","templated":true}]}}