


{"id":9578,"date":"2021-08-06T10:58:56","date_gmt":"2021-08-06T08:58:56","guid":{"rendered":"https:\/\/www.afm.fe.it\/?p=9578"},"modified":"2021-08-06T11:18:38","modified_gmt":"2021-08-06T09:18:38","slug":"integratori-detergenti-e-occhiali-da-afm-farmacie-comunali-donazione-di-prodotti-ad-asp","status":"publish","type":"post","link":"https:\/\/www.afm.fe.it\/?p=9578","title":{"rendered":"Integratori, detergenti e occhiali: da Afm Farmacie comunali donazione di prodotti ad Asp"},"content":{"rendered":"<p>[vc_row][vc_column]<div id=\"ultimate-heading-263069f15cd9ef3e4\" class=\"uvc-heading ult-adjust-bottom-margin ultimate-heading-263069f15cd9ef3e4 uvc-3723  uvc-heading-default-font-sizes\" data-hspacer=\"no_spacer\"  data-halign=\"left\" style=\"text-align:left\"><div class=\"uvc-heading-spacer no_spacer\" style=\"top\"><\/div><div class=\"uvc-main-heading ult-responsive\"  data-ultimate-target='.uvc-heading.ultimate-heading-263069f15cd9ef3e4 h3'  data-responsive-json-new='{\"font-size\":\"\",\"line-height\":\"\"}' ><h3 style=\"--font-weight:theme;\">Integratori, detergenti e occhiali: da Afm Farmacie comunali donazione di prodotti ad Asp <\/h3><\/div><\/div>[vc_empty_space height=&#8221;15px&#8221;][vc_column_text]Prodotti per il benessere delle persone anziane e fragili, come integratori, detergenti, disinfettanti, repellenti per gli insetti e occhiali per la lettura da vicino: \u00e8 una donazione particolarmente utile e pi\u00f9 che mai opportuna per questo periodo quella che Afm-Farmacie comunali di Ferrara ha fatto oggi (gioved\u00ec 5 agosto 2021) alle strutture di Asp, l&#8217;azienda pubblica di servizi alla persona e che \u00e8 stata presentata nell&#8217;ambito di una conferenza stampa nella sede stessa di Asp, in via Ripagrande a Ferrara.<br \/>\nAll&#8217;incontro con i giornalisti sono intervenuti l&#8217;assessore alle Politiche Sociali Cristina Coletti, l&#8217;amministratore unico di AFM-Farmacie Comunali Luca Cimarelli, il direttore generale di Asp Fabrizio Samaritani, la direttrice di Afm Paola Nocenti e il responsabile del nuovo ufficio di progetti sociali di Afm Stefano Gamberini.<br \/>\n&#8220;Questa giornata &#8211; ha spiegato l&#8217;assessore Coletti &#8211; nasce da un percorso intrapreso con le Farmacie comunali Afm a supporto di quanto fanno sul territorio e che si va ora a consolidare con la strutturazione da parte loro di un ufficio per portare avanti in maniera continuativa questo ruolo sociale di attenzione e solidariet\u00e0, in stretta connessione con il territorio. I prodotti qui presentati, acquistati per un valore complessivo di 2.200 euro, vengono donati alle strutture di Asp per dare sollievo e supporto al benessere delle persone ospitate. A questo momento pubblico far\u00e0 infatti seguito una riunione operativa, imperniata sulla volont\u00e0 dell&#8217;amministrazione comunale di consolidare le attivit\u00e0 sociali di Asp e delle Farmacie comunali&#8221;.<br \/>\n&#8220;Il percorso \u00e8 partito con l&#8217;organizzazione dei punti di raccolta di occhiali usati, a disposizione nelle sedi delle 11 farmacie comunali ferrraesi &#8211; ha spiegato l&#8217;amministratore unico di AFM Cimarelli &#8211; e ora con l&#8217;assessore comunali alle Politiche sociali si struttura una collaborazione pi\u00f9 stretta che Afm pu\u00f2 dare a Asp per la cura dei nostri anziani, ma anche dei minori e delle persone con fragilit\u00e0&#8221;.<br \/>\n&#8220;Questo aiuto per Asp \u00e8 molto importante &#8211; ha fatto notare il direttore generale di Asp Samaritani &#8211; perch\u00e9 da diversi mesi abbiamo incrementato in maniera esponenziale la disponibilit\u00e0 di prodotti per gli anziani. I nostri servizi sociali, inoltre, hanno contatti con famiglie del territorio per le quali avere, ad esempio, un paio di occhiali nuovo pu\u00f2 diventare un contributo davvero prezioso&#8221;.<br \/>\n&#8220;Quella di oggi \u00e8 la prima pietra &#8211; ha spiegato la direttrice Afm Nocenti &#8211; perch\u00e9 Afm vuole dare un contributo alle diverse realt\u00e0 sociali della cittadinanza&#8221;.<br \/>\n&#8220;La regia del Comune \u00e8 una garanzia &#8211; ha concluso Gamberini di Afm &#8211; per trasformare questi interventi in un progetto strutturato&#8221;.<\/p>\n<p>LA SCHEDA a cura degli organizzatori &#8211; Prosegue e si intensifica l&#8217;impegno di AFM, Farmacie Comunali di Ferrara, nei confronti delle persone fragili e delle situazioni di criticit\u00e0 sociale in collaborazione con l&#8217;Assessorato alle Politiche Sociali.<br \/>\nL&#8217;azienda farmaceutica, da qualche mese a questa parte, ha provveduto a strutturarsi attivando un ufficio dedicato a progetti e collaborazioni con istituzioni del territorio attive in questo campo.<br \/>\nA giugno \u00e8 partito il progetto, patrocinato dal Comune di Ferrara, di raccolta occhiali usati nelle Farmacie Comunali in collaborazione con il gruppo Lions di Ferrara, che provveder\u00e0 a destinare quanto donato dai cittadini ferraresi agli adulti e ai bambini che ne abbiano necessit\u00e0 e non siano in grado di provvedere autonomamente alla spesa. La destinazione \u00e8 non soltanto nazionale, ma principalmente destinata ai paesi pi\u00f9 poveri del mondo.<br \/>\nA seguire AFM ha attivato un percorso di collaborazione con l&#8217;Assessore alle Politiche Sociali Cristina Coletti, la Direzione e il Responsabile Medico della Casa Circondariale di Ferrara, per la consegna di occhiali da lettura, carrozzine, stampelle e prodotti per l&#8217;igiene della persona destinati agli ambulatori interni e ai carcerati con minore disponibilit\u00e0 economica.<br \/>\nIl periodo di pandemia, che ancora non accenna a terminare, ha acuito le difficolt\u00e0 e l&#8217;isolamento delle persone, determinando disagio e fatica soprattutto tra gli anziani e chi gi\u00e0 prima aveva scarse risorse economiche e una scarsa o nulla rete di sostegno e protezione.<br \/>\nPer questo AFM ha pensato di iniziare un percorso di collaborazione anche con ASP, il centro servizi alla persona del Comune di Ferrara, che si occupa di servizi ai minori, agli anziani, ai disabili e delle persone in gravi situazioni di disagio socio-economico.<br \/>\nUna collaborazione di fatto naturale tra istituzioni del Comune, fortemente voluta e costruita dai vertici di AFM e di ASP, sotto la regia dell&#8217;Assessorato alle Politiche Sociali, nella persona dell&#8217;Assessore Cristina Coletti.<br \/>\nIn questa prima fase le Farmacie Comunali consegneranno occhiali da lettura che verranno donati alle persone che ne abbiano necessit\u00e0, nella convinzione gi\u00e0 alla base delle precedenti donazioni, che la corretta visione rappresenti la base per consolidare la propria autonomia, per lo svago attraverso la lettura e la possibilit\u00e0 di svolgere tutte quelle attivit\u00e0 che certamente impattano positivamente sulla qualit\u00e0 di vita delle persone.<br \/>\nVerranno donati anche prodotti destinati alla casa di residenza per anziani, al fine di sostenere gli sforzi che il Comune di Ferrara quotidianamente fa per mantenere perfettamente efficiente ed accogliente la struttura: detergenti, disinfettanti, igienizzanti per le mani e per l&#8217;ambiente, assolutamente indispensabili in periodo di Covid, integratori salini e repellenti per insetti, ugualmente essenziali in questo periodo estivo.<br \/>\nUn piccolo segno, certamente, che vuole aprire la strada di una nuova collaborazione e creare i presupposti per ulteriori progetti e sviluppi. Perch\u00e9 l&#8217;attenzione alle fasce deboli della popolazione non \u00e8 soltanto la mission di ASP, ma rientra anche tra i compiti che il Comune di Ferrara ha affidato alla sua azienda farmaceutica.<br \/>\n&#8220;Fare squadra &#8211; dichiara l&#8217;Assessore alle Politiche Sociali Cristina Coletti &#8211; \u00e8 il modo migliore per uscire da questa situazione di emergenza. Le tante difficolt\u00e0 che sono nate nel recente periodo hanno richiesto uno sforzo importante a livello istituzionale e siamo molto grati ad AFM, per quanto messo in campo. Il tessuto sociale di Ferrara ha risposto sempre presente non facendo mai mancare gesti di vicinanza a tutti i nostri concittadini. Grazie a Luca Cimarelli, Amministratore Unico di AFM, che ha deciso di mettere a disposizione delle fasce pi\u00f9 fragili della popolazione prodotti assolutamente imprescindibili per l&#8217;attualit\u00e0 che continuiamo a vivere. Gesti come questi dimostrano che Ferrara \u00e8 una citt\u00e0 solidale e che con l&#8217;aiuto di tutti si pu\u00f2 tornare a sperare in un futuro migliore&#8221;.[\/vc_column_text][\/vc_column][\/vc_row]<\/p>\n","protected":false},"excerpt":{"rendered":"<p>[vc_row][vc_column][vc_empty_space height=&#8221;15px&#8221;][vc_column_text]Prodotti per il benessere delle persone anziane e fragili, come integratori, detergenti, disinfettanti, repellenti per gli insetti e occhiali per la lettura da vicino: \u00e8 una donazione particolarmente utile&hellip;<\/p>\n","protected":false},"author":7,"featured_media":9586,"comment_status":"closed","ping_status":"closed","sticky":false,"template":"","format":"standard","meta":[],"categories":[90],"tags":[],"class_list":["post-9578","post","type-post","status-publish","format-standard","has-post-thumbnail","hentry","category-news","category-90","description-off"],"_links":{"self":[{"href":"https:\/\/www.afm.fe.it\/index.php?rest_route=\/wp\/v2\/posts\/9578","targetHints":{"allow":["GET"]}}],"collection":[{"href":"https:\/\/www.afm.fe.it\/index.php?rest_route=\/wp\/v2\/posts"}],"about":[{"href":"https:\/\/www.afm.fe.it\/index.php?rest_route=\/wp\/v2\/types\/post"}],"author":[{"embeddable":true,"href":"https:\/\/www.afm.fe.it\/index.php?rest_route=\/wp\/v2\/users\/7"}],"replies":[{"embeddable":true,"href":"https:\/\/www.afm.fe.it\/index.php?rest_route=%2Fwp%2Fv2%2Fcomments&post=9578"}],"version-history":[{"count":4,"href":"https:\/\/www.afm.fe.it\/index.php?rest_route=\/wp\/v2\/posts\/9578\/revisions"}],"predecessor-version":[{"id":9581,"href":"https:\/\/www.afm.fe.it\/index.php?rest_route=\/wp\/v2\/posts\/9578\/revisions\/9581"}],"wp:featuredmedia":[{"embeddable":true,"href":"https:\/\/www.afm.fe.it\/index.php?rest_route=\/wp\/v2\/media\/9586"}],"wp:attachment":[{"href":"https:\/\/www.afm.fe.it\/index.php?rest_route=%2Fwp%2Fv2%2Fmedia&parent=9578"}],"wp:term":[{"taxonomy":"category","embeddable":true,"href":"https:\/\/www.afm.fe.it\/index.php?rest_route=%2Fwp%2Fv2%2Fcategories&post=9578"},{"taxonomy":"post_tag","embeddable":true,"href":"https:\/\/www.afm.fe.it\/index.php?rest_route=%2Fwp%2Fv2%2Ftags&post=9578"}],"curies":[{"name":"wp","href":"https:\/\/api.w.org\/{rel}","templated":true}]}}