


{"id":9714,"date":"2021-09-15T17:20:00","date_gmt":"2021-09-15T15:20:00","guid":{"rendered":"https:\/\/www.afm.fe.it\/?p=9714"},"modified":"2021-09-17T17:24:53","modified_gmt":"2021-09-17T15:24:53","slug":"9714","status":"publish","type":"post","link":"https:\/\/www.afm.fe.it\/?p=9714","title":{"rendered":"Farmacie comunali, lavori ai locali di Porta Mare."},"content":{"rendered":"<p>[vc_row][vc_column][vc_column_text]<\/p>\r\n<h3 class=\"wp-block-heading\">Farmacie comunali, lavori ai locali di Porta Mare.<\/h3>\r\n<p>[\/vc_column_text][vc_empty_space height=&#8221;15px&#8221;][vc_column_text]<\/p>\r\n<p>Al via i lavori di &#8216;restyling&#8217; e ammodernamento dei locali della Farmacia comunale numero 1, in corso Porta Mare 114. Si tratta della farmacia pi\u00f9 antica, nata nel 1959, il nucleo storico dell\u2019azienda.<\/p>\r\n<p>Gli operai da questa mattina hanno iniziato l&#8217;installazione esterna di quattro moduli container, dove le attivit\u00e0 saranno momentaneamente trasferite &#8211; a partire dalla prossima settimana -, in attesa del completamento dei lavori, previsto in circa 40 giorni.<\/p>\r\n<p>Tutti confermati i servizi, tranne il turno notturno, spostato &#8211; a partire da sabato 18 settembre &#8211; alla farmacia comunale numero 9 &#8216;Foro Boario&#8217;, di via Vasco Zappaterra.<\/p>\r\n<p>&#8220;L&#8217;allestimento al via da oggi &#8211; spiega il presidente di Holding Ferrara Servizi Luca Cimarelli &#8211; \u00e8 la prima fase del cronoprogramma che consentir\u00e0 la continuit\u00e0 del servizio senza interruzione o disagio per gli utenti. Ci trasferiamo momentaneamente nei moduli provvisori ma non pregiudichiamo il servizio, per consentire ai cittadini di poter disporre, a intervento terminato, di farmacie ancora pi\u00f9 funzionali e ancora pi\u00f9 moderne&#8221;.<\/p>\r\n<p>[\/vc_column_text][\/vc_column][\/vc_row]<\/p>","protected":false},"excerpt":{"rendered":"<p>[vc_row][vc_column][vc_column_text] Farmacie comunali, lavori ai locali di Porta Mare. [\/vc_column_text][vc_empty_space height=&#8221;15px&#8221;][vc_column_text] Al via i lavori di &#8216;restyling&#8217; e ammodernamento dei locali della Farmacia comunale numero 1, in corso Porta Mare&hellip;<\/p>\n","protected":false},"author":7,"featured_media":9716,"comment_status":"closed","ping_status":"closed","sticky":false,"template":"","format":"standard","meta":[],"categories":[90],"tags":[],"class_list":["post-9714","post","type-post","status-publish","format-standard","has-post-thumbnail","hentry","category-news","category-90","description-off"],"_links":{"self":[{"href":"https:\/\/www.afm.fe.it\/index.php?rest_route=\/wp\/v2\/posts\/9714","targetHints":{"allow":["GET"]}}],"collection":[{"href":"https:\/\/www.afm.fe.it\/index.php?rest_route=\/wp\/v2\/posts"}],"about":[{"href":"https:\/\/www.afm.fe.it\/index.php?rest_route=\/wp\/v2\/types\/post"}],"author":[{"embeddable":true,"href":"https:\/\/www.afm.fe.it\/index.php?rest_route=\/wp\/v2\/users\/7"}],"replies":[{"embeddable":true,"href":"https:\/\/www.afm.fe.it\/index.php?rest_route=%2Fwp%2Fv2%2Fcomments&post=9714"}],"version-history":[{"count":3,"href":"https:\/\/www.afm.fe.it\/index.php?rest_route=\/wp\/v2\/posts\/9714\/revisions"}],"predecessor-version":[{"id":9719,"href":"https:\/\/www.afm.fe.it\/index.php?rest_route=\/wp\/v2\/posts\/9714\/revisions\/9719"}],"wp:featuredmedia":[{"embeddable":true,"href":"https:\/\/www.afm.fe.it\/index.php?rest_route=\/wp\/v2\/media\/9716"}],"wp:attachment":[{"href":"https:\/\/www.afm.fe.it\/index.php?rest_route=%2Fwp%2Fv2%2Fmedia&parent=9714"}],"wp:term":[{"taxonomy":"category","embeddable":true,"href":"https:\/\/www.afm.fe.it\/index.php?rest_route=%2Fwp%2Fv2%2Fcategories&post=9714"},{"taxonomy":"post_tag","embeddable":true,"href":"https:\/\/www.afm.fe.it\/index.php?rest_route=%2Fwp%2Fv2%2Ftags&post=9714"}],"curies":[{"name":"wp","href":"https:\/\/api.w.org\/{rel}","templated":true}]}}