


{"id":9823,"date":"2021-10-28T10:19:06","date_gmt":"2021-10-28T08:19:06","guid":{"rendered":"https:\/\/www.afm.fe.it\/?p=9823"},"modified":"2021-10-28T11:19:57","modified_gmt":"2021-10-28T09:19:57","slug":"taglio-del-nastro-per-la-farmacia-porta-mare","status":"publish","type":"post","link":"https:\/\/www.afm.fe.it\/?p=9823","title":{"rendered":"Taglio del nastro per la Farmacia Comunale n. 1 Porta Mare"},"content":{"rendered":"<p>[vc_row][vc_column]<div id=\"ultimate-heading-277969f15ab93fa58\" class=\"uvc-heading ult-adjust-bottom-margin ultimate-heading-277969f15ab93fa58 uvc-1873  uvc-heading-default-font-sizes\" data-hspacer=\"no_spacer\"  data-halign=\"left\" style=\"text-align:left\"><div class=\"uvc-heading-spacer no_spacer\" style=\"top\"><\/div><div class=\"uvc-main-heading ult-responsive\"  data-ultimate-target='.uvc-heading.ultimate-heading-277969f15ab93fa58 h3'  data-responsive-json-new='{\"font-size\":\"\",\"line-height\":\"\"}' ><h3 style=\"--font-weight:theme;\">Taglio del nastro per la Farmacia Comunale n. 1 Porta Mare<\/h3><\/div><\/div>[vc_empty_space height=&#8221;15px&#8221;][vc_column_text]Oltre 100 metri quadrati di spazi riqualificati, una nuova organizzazione di spazi, nuovi pavimenti, nuova illuminazione. A Ferrara inaugura il &#8216;restyling&#8217; della farmacia Comunale numero 1 &#8220;Porta Mare&#8221; di Corso Porta Mare 114. &#8220;Un patrimonio della citt\u00e0 che, fino a che sar\u00f2 sindaco, rimarr\u00e0 alla citt\u00e0&#8221;, ha detto il sindaco Alan Fabbri oggi al taglio del nastro, con gli assessori Cristina Coletti e Matteo Fornasini. &#8220;Questi locali sono fortemente frequentati, tra quelli che hanno avuto e hanno maggiori accessi, rappresentano un importante servizio al cittadino, soprattutto alle persone anziane, per la posizione strategica e grazie alla professionalit\u00e0 del personale, che ringrazio&#8221;. A pieno regime, in periodo pre-Covid, \u00e8 stato osservato, la farmacia di Porta Mare contava anche duemila persone al giorno.<br \/>\n&#8220;Questo \u00e8 un punto di riferimento del servizio farmaceutico della citt\u00e0. I lavori hanno richiesto un investimento di circa 200mila euro &#8211; ha spiegato l&#8217;amministratore unico di AFM Farmacie Comunali Srl Luca Cimarelli -. Nei 30 giorni circa di lavori abbiamo garantito continuit\u00e0 al servizio, grazie all&#8217;allestimento provvisorio di due container esterni attrezzati. Ora in questi locali riqualificati gli utenti potranno avere servizi potenziati: sono stati infatti ottimizzati gli spazi, con nuovi punti espositivi e una nuova dislocazione delle casse. La gente pu\u00f2 entrare e vivere la farmacia in maniera diversa. E continuano gli investimenti per il miglioramento di strutture e risposte: l&#8217;anno scorso abbiamo rinnovato il reparto celiachia alla farmacia comunale numero 10 &#8216;Krasnodar&#8217; con un investimento di circa 250mila euro, l&#8217;anno prossimo stiamo valutando un nuovo intervento. E nel frattempo, da domenica scorsa, abbiamo iniziato ad effettuare i tamponi nella struttura di Porta Mare servizi: lavoriamo per strutturare nuove risposte&#8221;.<br \/>\n&#8220;Spero, anzi sono convinta, che i nostri clienti apprezzeranno il lavoro. Personalmente sono molto soddisfatta e soddisfatta anche che tutto \u00e8 stato fatto senza interrompere il servizio. Devo ringraziare il personale che \u00e8 riuscito a far funzionare la macchina nel migliore dei modi, rimboccandosi le maniche e togliendosi l&#8217;orologio dal polso. Semplicemente splendidi&#8221;, ha detto Paola Nocenti, direttrice generale Afm.<\/p>\n<p>(Ferrara Rinasce)[\/vc_column_text][\/vc_column][\/vc_row]<\/p>\n","protected":false},"excerpt":{"rendered":"<p>[vc_row][vc_column][vc_empty_space height=&#8221;15px&#8221;][vc_column_text]Oltre 100 metri quadrati di spazi riqualificati, una nuova organizzazione di spazi, nuovi pavimenti, nuova illuminazione. A Ferrara inaugura il &#8216;restyling&#8217; della farmacia Comunale numero 1 &#8220;Porta Mare&#8221; di&hellip;<\/p>\n","protected":false},"author":7,"featured_media":9825,"comment_status":"closed","ping_status":"closed","sticky":false,"template":"","format":"standard","meta":[],"categories":[90],"tags":[],"class_list":["post-9823","post","type-post","status-publish","format-standard","has-post-thumbnail","hentry","category-news","category-90","description-off"],"_links":{"self":[{"href":"https:\/\/www.afm.fe.it\/index.php?rest_route=\/wp\/v2\/posts\/9823","targetHints":{"allow":["GET"]}}],"collection":[{"href":"https:\/\/www.afm.fe.it\/index.php?rest_route=\/wp\/v2\/posts"}],"about":[{"href":"https:\/\/www.afm.fe.it\/index.php?rest_route=\/wp\/v2\/types\/post"}],"author":[{"embeddable":true,"href":"https:\/\/www.afm.fe.it\/index.php?rest_route=\/wp\/v2\/users\/7"}],"replies":[{"embeddable":true,"href":"https:\/\/www.afm.fe.it\/index.php?rest_route=%2Fwp%2Fv2%2Fcomments&post=9823"}],"version-history":[{"count":4,"href":"https:\/\/www.afm.fe.it\/index.php?rest_route=\/wp\/v2\/posts\/9823\/revisions"}],"predecessor-version":[{"id":9829,"href":"https:\/\/www.afm.fe.it\/index.php?rest_route=\/wp\/v2\/posts\/9823\/revisions\/9829"}],"wp:featuredmedia":[{"embeddable":true,"href":"https:\/\/www.afm.fe.it\/index.php?rest_route=\/wp\/v2\/media\/9825"}],"wp:attachment":[{"href":"https:\/\/www.afm.fe.it\/index.php?rest_route=%2Fwp%2Fv2%2Fmedia&parent=9823"}],"wp:term":[{"taxonomy":"category","embeddable":true,"href":"https:\/\/www.afm.fe.it\/index.php?rest_route=%2Fwp%2Fv2%2Fcategories&post=9823"},{"taxonomy":"post_tag","embeddable":true,"href":"https:\/\/www.afm.fe.it\/index.php?rest_route=%2Fwp%2Fv2%2Ftags&post=9823"}],"curies":[{"name":"wp","href":"https:\/\/api.w.org\/{rel}","templated":true}]}}