


{"id":9845,"date":"2021-11-08T12:42:49","date_gmt":"2021-11-08T11:42:49","guid":{"rendered":"https:\/\/www.afm.fe.it\/?p=9845"},"modified":"2021-11-08T17:45:52","modified_gmt":"2021-11-08T16:45:52","slug":"ferrara-food-festival-cooking-show-no-gutine","status":"publish","type":"post","link":"https:\/\/www.afm.fe.it\/?p=9845","title":{"rendered":"Ferrara Food Festival: cooking show NO GLUTINE!"},"content":{"rendered":"<p>[vc_row][vc_column]<div id=\"ultimate-heading-196669f15982a7615\" class=\"uvc-heading ult-adjust-bottom-margin ultimate-heading-196669f15982a7615 uvc-5848  uvc-heading-default-font-sizes\" data-hspacer=\"no_spacer\"  data-halign=\"left\" style=\"text-align:left\"><div class=\"uvc-heading-spacer no_spacer\" style=\"top\"><\/div><div class=\"uvc-main-heading ult-responsive\"  data-ultimate-target='.uvc-heading.ultimate-heading-196669f15982a7615 h3'  data-responsive-json-new='{\"font-size\":\"\",\"line-height\":\"\"}' ><h3 style=\"--font-weight:theme;\">Ferrara Food Festival: cooking show NO GLUTINE!<\/h3><\/div><\/div>[vc_empty_space height=&#8221;15px&#8221;][vc_column_text]Grande attenzione e grande successo ha riscosso la tre giorni di Ferrara food festival il 5\/6\/7 novembre u.s. nel centro della citt\u00e0.<\/p>\n<p>Un\u2019occasione per riscoprire la storia e la tradizione delle specialit\u00e0 eno-gastronomiche del territorio. Un\u2019ampia superfice espositiva dove \u00e8 stato possibile assaggiare ed acquistare prodotti tipici, informarsi direttamente dagli espositori sulla provenienza, sulle lavorazioni e tutto quello che sta dietro ad un alimento prima che arrivi sulla nostra tavola. Numerosi anche gli spazi espositivi dedicati alle amministrazioni locali che hanno potuto spiegare come dalla tutela dei prodotti passi anche la tutela dei territori e delle attivit\u00e0 produttive connesse.<\/p>\n<p>Per le Farmacie Comunali di Ferrara \u00e8 stata l\u2019occasione per presentare i tanti servizi della nostra azienda, in particolare gli spazi, dedicati agli alimenti destinati alle persone affette da patologie che prevedono nella dieta il primo intervento terapeutico: (nefropatia, diabete, celiachia).<\/p>\n<p>La dott.ssa Trevisani e la dott.ssa Vaccari, che hanno organizzato lo stand, hanno potuto incontrare tantissime persone interessate al tema del corretto approccio alimentare in queste situazioni e ricevuto la visita di autorit\u00e0 e personalit\u00e0 in campo gastronomico come lo chef Gianfranco Vissani.<\/p>\n<p>Tra le tante attivit\u00e0 AFM ha voluto inserire un momento di formazione con lo chef Fabio Benzoni che ha svelato alcuni trucchi e suggerimenti per preparare gustosi piatti partendo dai tanti prodotti a disposizione oggi per chi deve seguire una dieta escludendo il glutine.<\/p>\n<p>Nei tre giorni di cooking show svolti all\u2019interno del Pala Estense allestito in Piazza Municipale, i partecipanti hanno potuto gustare le specialit\u00e0 che Benzoni produce nella sua azienda, rigorosamente partendo da pasta fatta a mano, senza uso di coloranti e senza conservanti.<\/p>\n<p>Tutti questi prodotti freschi sono anche disponibili presso la farmacia di viale Krsanodar, completamente gratuiti per le persone a cui sia stata riconosciuta la condizione di intolleranza al glutine, potendo usufruire quindi dei buoni spesa previsti dal sistema sanitario.<\/p>\n<p>Il messaggio che \u00e8 uscito forte e chiaro, una volta di pi\u00f9 dopo questa splendida opportunit\u00e0 offerta dal Food Festival, \u00e8 che essere celiaci non comporta non poter godere pienamente dei piaceri della tavola.[\/vc_column_text][\/vc_column][\/vc_row]<\/p>\n","protected":false},"excerpt":{"rendered":"<p>[vc_row][vc_column][vc_empty_space height=&#8221;15px&#8221;][vc_column_text]Grande attenzione e grande successo ha riscosso la tre giorni di Ferrara food festival il 5\/6\/7 novembre u.s. nel centro della citt\u00e0. Un\u2019occasione per riscoprire la storia e la&hellip;<\/p>\n","protected":false},"author":7,"featured_media":9847,"comment_status":"closed","ping_status":"closed","sticky":false,"template":"","format":"standard","meta":[],"categories":[90],"tags":[],"class_list":["post-9845","post","type-post","status-publish","format-standard","has-post-thumbnail","hentry","category-news","category-90","description-off"],"_links":{"self":[{"href":"https:\/\/www.afm.fe.it\/index.php?rest_route=\/wp\/v2\/posts\/9845","targetHints":{"allow":["GET"]}}],"collection":[{"href":"https:\/\/www.afm.fe.it\/index.php?rest_route=\/wp\/v2\/posts"}],"about":[{"href":"https:\/\/www.afm.fe.it\/index.php?rest_route=\/wp\/v2\/types\/post"}],"author":[{"embeddable":true,"href":"https:\/\/www.afm.fe.it\/index.php?rest_route=\/wp\/v2\/users\/7"}],"replies":[{"embeddable":true,"href":"https:\/\/www.afm.fe.it\/index.php?rest_route=%2Fwp%2Fv2%2Fcomments&post=9845"}],"version-history":[{"count":6,"href":"https:\/\/www.afm.fe.it\/index.php?rest_route=\/wp\/v2\/posts\/9845\/revisions"}],"predecessor-version":[{"id":9857,"href":"https:\/\/www.afm.fe.it\/index.php?rest_route=\/wp\/v2\/posts\/9845\/revisions\/9857"}],"wp:featuredmedia":[{"embeddable":true,"href":"https:\/\/www.afm.fe.it\/index.php?rest_route=\/wp\/v2\/media\/9847"}],"wp:attachment":[{"href":"https:\/\/www.afm.fe.it\/index.php?rest_route=%2Fwp%2Fv2%2Fmedia&parent=9845"}],"wp:term":[{"taxonomy":"category","embeddable":true,"href":"https:\/\/www.afm.fe.it\/index.php?rest_route=%2Fwp%2Fv2%2Fcategories&post=9845"},{"taxonomy":"post_tag","embeddable":true,"href":"https:\/\/www.afm.fe.it\/index.php?rest_route=%2Fwp%2Fv2%2Ftags&post=9845"}],"curies":[{"name":"wp","href":"https:\/\/api.w.org\/{rel}","templated":true}]}}